{"id":98,"date":"2016-04-14T12:10:25","date_gmt":"2016-04-14T11:10:25","guid":{"rendered":"http:\/\/domainepartagegillesberlioz.fr\/?p=98"},"modified":"2016-04-14T12:19:22","modified_gmt":"2016-04-14T11:19:22","slug":"les-berlioz-au-salon-vdn","status":"publish","type":"post","link":"https:\/\/domainepartagegillesberlioz.fr\/index.php\/2016\/04\/14\/les-berlioz-au-salon-vdn\/","title":{"rendered":"Les Berlioz au Salon VDN"},"content":{"rendered":"<p>Le 4 avril fut une grande journ\u00e9e pour les Vignerons de Nature.<\/p>\n<p>Ils \u00e9taient rassembl\u00e9s pour le Salon \u00e0 l&rsquo;atrium, Paris, pour une journ\u00e9e de d\u00e9gustation<\/p>\n<p>d\u00e9di\u00e9e aux professionnels.<\/p>\n<p>Des \u00e9changes anim\u00e9s, cordiaux et de beaux<\/p>\n<figure id=\"attachment_100\" aria-describedby=\"caption-attachment-100\" style=\"width: 225px\" class=\"wp-caption alignright\"><img decoding=\"async\" loading=\"lazy\" class=\"size-medium wp-image-100\" src=\"https:\/\/domainepartagegillesberlioz.fr\/wp-content\/uploads\/2016\/04\/Les-Berlioz-au-salon-VDN-225x300.jpg\" alt=\"Les Berlioz au salon VDN 2016\" width=\"225\" height=\"300\" srcset=\"https:\/\/domainepartagegillesberlioz.fr\/wp-content\/uploads\/2016\/04\/Les-Berlioz-au-salon-VDN-225x300.jpg 225w, https:\/\/domainepartagegillesberlioz.fr\/wp-content\/uploads\/2016\/04\/Les-Berlioz-au-salon-VDN.jpg 450w\" sizes=\"(max-width: 225px) 100vw, 225px\" \/><figcaption id=\"caption-attachment-100\" class=\"wp-caption-text\">Les Berlioz au salon VDN 2016<\/figcaption><\/figure>\n<p>moments de convivialit\u00e9.<\/p>\n<p>+ d&rsquo;infos : vignerons de nature<a href=\"http:\/\/www.vignerons-de-nature.com\/accueil\/\"> http:\/\/www.vignerons-de-nature.com\/accueil\/<\/a><\/p>\n<p><a href=\"http:\/\/www.vignerons-de-nature.com\/accueil\/\"><img decoding=\"async\" loading=\"lazy\" class=\"alignnone size-full wp-image-101\" src=\"https:\/\/domainepartagegillesberlioz.fr\/wp-content\/uploads\/2016\/04\/logo-Vignerons-de-nature.png\" alt=\"logo Vignerons de nature\" width=\"182\" height=\"77\" \/><\/a><\/p>\n<p>&nbsp;<\/p>\n<p><a href=\"http:\/\/www.vignerons-de-nature.com\/accueil\/\"><img decoding=\"async\" loading=\"lazy\" class=\"alignnone size-medium wp-image-99\" src=\"https:\/\/domainepartagegillesberlioz.fr\/wp-content\/uploads\/2016\/04\/salon-VDN-2016-300x225.jpg\" alt=\"salon VDN 2016\" width=\"300\" height=\"225\" srcset=\"https:\/\/domainepartagegillesberlioz.fr\/wp-content\/uploads\/2016\/04\/salon-VDN-2016-300x225.jpg 300w, https:\/\/domainepartagegillesberlioz.fr\/wp-content\/uploads\/2016\/04\/salon-VDN-2016.jpg 600w\" sizes=\"(max-width: 300px) 100vw, 300px\" \/><\/a><\/p>\n<p>&nbsp;<\/p>\n<p>&nbsp;<\/p>\n","protected":false},"excerpt":{"rendered":"<p>Le 4 avril fut une grande journ\u00e9e pour les Vignerons de Nature. Ils \u00e9taient rassembl\u00e9s pour le Salon \u00e0 l&rsquo;atrium, Paris, pour une journ\u00e9e de d\u00e9gustation d\u00e9di\u00e9e aux professionnels. Des \u00e9changes anim\u00e9s, cordiaux et de beaux moments de convivialit\u00e9. + d&rsquo;infos : vignerons de nature http:\/\/www.vignerons-de-nature.com\/accueil\/ &nbsp; &nbsp; &nbsp;<\/p>\n","protected":false},"author":1,"featured_media":0,"comment_status":"open","ping_status":"open","sticky":false,"template":"","format":"standard","meta":[],"categories":[2],"tags":[],"featured_media_urls":[],"_links":{"self":[{"href":"https:\/\/domainepartagegillesberlioz.fr\/index.php\/wp-json\/wp\/v2\/posts\/98"}],"collection":[{"href":"https:\/\/domainepartagegillesberlioz.fr\/index.php\/wp-json\/wp\/v2\/posts"}],"about":[{"href":"https:\/\/domainepartagegillesberlioz.fr\/index.php\/wp-json\/wp\/v2\/types\/post"}],"author":[{"embeddable":true,"href":"https:\/\/domainepartagegillesberlioz.fr\/index.php\/wp-json\/wp\/v2\/users\/1"}],"replies":[{"embeddable":true,"href":"https:\/\/domainepartagegillesberlioz.fr\/index.php\/wp-json\/wp\/v2\/comments?post=98"}],"version-history":[{"count":1,"href":"https:\/\/domainepartagegillesberlioz.fr\/index.php\/wp-json\/wp\/v2\/posts\/98\/revisions"}],"predecessor-version":[{"id":102,"href":"https:\/\/domainepartagegillesberlioz.fr\/index.php\/wp-json\/wp\/v2\/posts\/98\/revisions\/102"}],"wp:attachment":[{"href":"https:\/\/domainepartagegillesberlioz.fr\/index.php\/wp-json\/wp\/v2\/media?parent=98"}],"wp:term":[{"taxonomy":"category","embeddable":true,"href":"https:\/\/domainepartagegillesberlioz.fr\/index.php\/wp-json\/wp\/v2\/categories?post=98"},{"taxonomy":"post_tag","embeddable":true,"href":"https:\/\/domainepartagegillesberlioz.fr\/index.php\/wp-json\/wp\/v2\/tags?post=98"}],"curies":[{"name":"wp","href":"https:\/\/api.w.org\/{rel}","templated":true}]}}