{"id":923,"date":"2018-11-05T14:22:41","date_gmt":"2018-11-05T13:22:41","guid":{"rendered":"http:\/\/domainepartagegillesberlioz.fr\/?p=923"},"modified":"2018-11-05T14:17:14","modified_gmt":"2018-11-05T13:17:14","slug":"la-revolee-2018-un-rythme-toujours-aussi-soutenu","status":"publish","type":"post","link":"https:\/\/domainepartagegillesberlioz.fr\/index.php\/2018\/11\/05\/la-revolee-2018-un-rythme-toujours-aussi-soutenu\/","title":{"rendered":"La revol\u00e9e 2018, un rythme toujours aussi soutenu !"},"content":{"rendered":"<p>Cette ann\u00e9e encore, Gilles, Pascal, Christine et Annick nous ont offert, \u00e0 nous vendangeurs, une revol\u00e9e digne de ce nom !<\/p>\n<p>Huitres, vins, petits plats divers\u00a0 &#8230; et musiciens de tout premier ordre (Eva, Gibs, Pascal, Kader et Marcus &#8211; grand merci \u00e0 eux de nous avoir autant fait danser) &#8230; tout y \u00e9tait pour accompagner la folle ambiance de cette fin de vendanges ! Et en cours de soir\u00e9e, l&rsquo;\u00e9quipe d&rsquo;Adrien nous a rejoint pour nous soutenir dans cette belle soir\u00e9e.<\/p>\n<p>Merci patrons !<\/p>\n<p>C\u00a0\u00bb\u00e9tait il y a plus d&rsquo;un mois d\u00e9j\u00e0 &#8230;\u00a0 <img decoding=\"async\" loading=\"lazy\" class=\"alignnone size-full wp-image-924\" src=\"https:\/\/domainepartagegillesberlioz.fr\/wp-content\/uploads\/2018\/10\/DP-G-Berlioz-revol\u00e9e-1.jpg\" alt=\"\" width=\"1000\" height=\"486\" srcset=\"https:\/\/domainepartagegillesberlioz.fr\/wp-content\/uploads\/2018\/10\/DP-G-Berlioz-revol\u00e9e-1.jpg 1000w, https:\/\/domainepartagegillesberlioz.fr\/wp-content\/uploads\/2018\/10\/DP-G-Berlioz-revol\u00e9e-1-300x146.jpg 300w, https:\/\/domainepartagegillesberlioz.fr\/wp-content\/uploads\/2018\/10\/DP-G-Berlioz-revol\u00e9e-1-768x373.jpg 768w, https:\/\/domainepartagegillesberlioz.fr\/wp-content\/uploads\/2018\/10\/DP-G-Berlioz-revol\u00e9e-1-676x329.jpg 676w\" sizes=\"(max-width: 1000px) 100vw, 1000px\" \/><img decoding=\"async\" loading=\"lazy\" class=\"alignnone size-full wp-image-928\" src=\"https:\/\/domainepartagegillesberlioz.fr\/wp-content\/uploads\/2018\/10\/DP-G-Berlioz-revol\u00e9e-5.jpg\" alt=\"\" width=\"1000\" height=\"487\" srcset=\"https:\/\/domainepartagegillesberlioz.fr\/wp-content\/uploads\/2018\/10\/DP-G-Berlioz-revol\u00e9e-5.jpg 1000w, https:\/\/domainepartagegillesberlioz.fr\/wp-content\/uploads\/2018\/10\/DP-G-Berlioz-revol\u00e9e-5-300x146.jpg 300w, https:\/\/domainepartagegillesberlioz.fr\/wp-content\/uploads\/2018\/10\/DP-G-Berlioz-revol\u00e9e-5-768x374.jpg 768w, https:\/\/domainepartagegillesberlioz.fr\/wp-content\/uploads\/2018\/10\/DP-G-Berlioz-revol\u00e9e-5-676x329.jpg 676w\" sizes=\"(max-width: 1000px) 100vw, 1000px\" \/><img decoding=\"async\" loading=\"lazy\" class=\"alignnone size-full wp-image-926\" src=\"https:\/\/domainepartagegillesberlioz.fr\/wp-content\/uploads\/2018\/10\/DP-G-Berlioz-revol\u00e9e-3.jpg\" alt=\"\" width=\"1000\" height=\"486\" srcset=\"https:\/\/domainepartagegillesberlioz.fr\/wp-content\/uploads\/2018\/10\/DP-G-Berlioz-revol\u00e9e-3.jpg 1000w, https:\/\/domainepartagegillesberlioz.fr\/wp-content\/uploads\/2018\/10\/DP-G-Berlioz-revol\u00e9e-3-300x146.jpg 300w, https:\/\/domainepartagegillesberlioz.fr\/wp-content\/uploads\/2018\/10\/DP-G-Berlioz-revol\u00e9e-3-768x373.jpg 768w, https:\/\/domainepartagegillesberlioz.fr\/wp-content\/uploads\/2018\/10\/DP-G-Berlioz-revol\u00e9e-3-676x329.jpg 676w\" sizes=\"(max-width: 1000px) 100vw, 1000px\" \/> <img decoding=\"async\" loading=\"lazy\" class=\"alignnone wp-image-930\" src=\"https:\/\/domainepartagegillesberlioz.fr\/wp-content\/uploads\/2018\/10\/DP-G-Berlioz-revol\u00e9e-7.jpg\" alt=\"\" width=\"676\" height=\"283\" \/>\u00a0\u00a0 <img decoding=\"async\" loading=\"lazy\" class=\"alignnone wp-image-929\" src=\"https:\/\/domainepartagegillesberlioz.fr\/wp-content\/uploads\/2018\/10\/DP-G-Berlioz-revol\u00e9e-6.jpg\" alt=\"\" width=\"199\" height=\"371\" \/><img decoding=\"async\" loading=\"lazy\" class=\"alignnone wp-image-925\" src=\"https:\/\/domainepartagegillesberlioz.fr\/wp-content\/uploads\/2018\/10\/DP-G-Berlioz-revol\u00e9e-2.jpg\" alt=\"\" width=\"233\" height=\"408\" srcset=\"https:\/\/domainepartagegillesberlioz.fr\/wp-content\/uploads\/2018\/10\/DP-G-Berlioz-revol\u00e9e-2.jpg 421w, https:\/\/domainepartagegillesberlioz.fr\/wp-content\/uploads\/2018\/10\/DP-G-Berlioz-revol\u00e9e-2-171x300.jpg 171w\" sizes=\"(max-width: 233px) 100vw, 233px\" \/><img decoding=\"async\" loading=\"lazy\" class=\"alignnone wp-image-931\" src=\"https:\/\/domainepartagegillesberlioz.fr\/wp-content\/uploads\/2018\/10\/DP-G-Berlioz-revol\u00e9e-8.jpg\" alt=\"\" width=\"199\" height=\"403\" \/><img decoding=\"async\" loading=\"lazy\" class=\"alignnone size-full wp-image-927\" src=\"https:\/\/domainepartagegillesberlioz.fr\/wp-content\/uploads\/2018\/10\/DP-G-Berlioz-revol\u00e9e-4.jpg\" alt=\"\" width=\"1000\" height=\"487\" srcset=\"https:\/\/domainepartagegillesberlioz.fr\/wp-content\/uploads\/2018\/10\/DP-G-Berlioz-revol\u00e9e-4.jpg 1000w, https:\/\/domainepartagegillesberlioz.fr\/wp-content\/uploads\/2018\/10\/DP-G-Berlioz-revol\u00e9e-4-300x146.jpg 300w, https:\/\/domainepartagegillesberlioz.fr\/wp-content\/uploads\/2018\/10\/DP-G-Berlioz-revol\u00e9e-4-768x374.jpg 768w, https:\/\/domainepartagegillesberlioz.fr\/wp-content\/uploads\/2018\/10\/DP-G-Berlioz-revol\u00e9e-4-676x329.jpg 676w\" sizes=\"(max-width: 1000px) 100vw, 1000px\" \/><\/p>\n<p>&nbsp;<\/p>\n<p>&nbsp;<\/p>\n","protected":false},"excerpt":{"rendered":"<p>Cette ann\u00e9e encore, Gilles, Pascal, Christine et Annick nous ont offert, \u00e0 nous vendangeurs, une revol\u00e9e digne de ce nom ! Huitres, vins, petits plats divers\u00a0 &#8230; et musiciens de tout premier ordre (Eva, Gibs, Pascal, Kader et Marcus &#8211; grand merci \u00e0 eux de nous avoir autant fait danser) &#8230; tout y \u00e9tait pour &hellip; <\/p>\n<p class=\"link-more\"><a href=\"https:\/\/domainepartagegillesberlioz.fr\/index.php\/2018\/11\/05\/la-revolee-2018-un-rythme-toujours-aussi-soutenu\/\" class=\"more-link\">Lire la suite de<span class=\"screen-reader-text\">\u00ab\u00a0La revol\u00e9e 2018, un rythme toujours aussi soutenu !\u00a0\u00bb<\/span><\/a><\/p>\n","protected":false},"author":1,"featured_media":0,"comment_status":"closed","ping_status":"open","sticky":false,"template":"","format":"standard","meta":[],"categories":[2],"tags":[79,85,96,95,17],"featured_media_urls":[],"_links":{"self":[{"href":"https:\/\/domainepartagegillesberlioz.fr\/index.php\/wp-json\/wp\/v2\/posts\/923"}],"collection":[{"href":"https:\/\/domainepartagegillesberlioz.fr\/index.php\/wp-json\/wp\/v2\/posts"}],"about":[{"href":"https:\/\/domainepartagegillesberlioz.fr\/index.php\/wp-json\/wp\/v2\/types\/post"}],"author":[{"embeddable":true,"href":"https:\/\/domainepartagegillesberlioz.fr\/index.php\/wp-json\/wp\/v2\/users\/1"}],"replies":[{"embeddable":true,"href":"https:\/\/domainepartagegillesberlioz.fr\/index.php\/wp-json\/wp\/v2\/comments?post=923"}],"version-history":[{"count":6,"href":"https:\/\/domainepartagegillesberlioz.fr\/index.php\/wp-json\/wp\/v2\/posts\/923\/revisions"}],"predecessor-version":[{"id":941,"href":"https:\/\/domainepartagegillesberlioz.fr\/index.php\/wp-json\/wp\/v2\/posts\/923\/revisions\/941"}],"wp:attachment":[{"href":"https:\/\/domainepartagegillesberlioz.fr\/index.php\/wp-json\/wp\/v2\/media?parent=923"}],"wp:term":[{"taxonomy":"category","embeddable":true,"href":"https:\/\/domainepartagegillesberlioz.fr\/index.php\/wp-json\/wp\/v2\/categories?post=923"},{"taxonomy":"post_tag","embeddable":true,"href":"https:\/\/domainepartagegillesberlioz.fr\/index.php\/wp-json\/wp\/v2\/tags?post=923"}],"curies":[{"name":"wp","href":"https:\/\/api.w.org\/{rel}","templated":true}]}}