{"id":852,"date":"2018-09-20T13:42:25","date_gmt":"2018-09-20T12:42:25","guid":{"rendered":"http:\/\/domainepartagegillesberlioz.fr\/?p=852"},"modified":"2018-09-20T13:43:43","modified_gmt":"2018-09-20T12:43:43","slug":"les-vendanges-lecole-buissonniere","status":"publish","type":"post","link":"https:\/\/domainepartagegillesberlioz.fr\/index.php\/2018\/09\/20\/les-vendanges-lecole-buissonniere\/","title":{"rendered":"Les vendanges, l&rsquo;\u00e9cole buissonni\u00e8re &#8230;"},"content":{"rendered":"<p><img decoding=\"async\" loading=\"lazy\" class=\"size-full wp-image-854 alignleft\" src=\"https:\/\/domainepartagegillesberlioz.fr\/wp-content\/uploads\/2018\/09\/DP-G-Berlioz-\u00e9cole-4-saisons-bis-BD.jpg\" alt=\"\" width=\"207\" height=\"425\" srcset=\"https:\/\/domainepartagegillesberlioz.fr\/wp-content\/uploads\/2018\/09\/DP-G-Berlioz-\u00e9cole-4-saisons-bis-BD.jpg 207w, https:\/\/domainepartagegillesberlioz.fr\/wp-content\/uploads\/2018\/09\/DP-G-Berlioz-\u00e9cole-4-saisons-bis-BD-146x300.jpg 146w\" sizes=\"(max-width: 207px) 100vw, 207px\" \/>Les vendanges sont aussi pour le Domaine une occasion de partage avec les plus jeunes.<\/p>\n<p>Cette ann\u00e9e, les enfants de l&rsquo;\u00e9cole de Chignin et de l&rsquo;\u00e9cole des 4 saisons (Challes les Eaux) sont venus s&rsquo;initier \u00e0 la cueillette du raisin. Ils ont pu ensuite observer le vidage de la vendange dans le pressoir et voir ce dernier fonctionner.<\/p>\n<p><img decoding=\"async\" loading=\"lazy\" class=\"size-full wp-image-853 alignright\" src=\"https:\/\/domainepartagegillesberlioz.fr\/wp-content\/uploads\/2018\/09\/DP-G-Berlioz-\u00e9cole-4-saisons-BD-.jpg\" alt=\"\" width=\"207\" height=\"425\" srcset=\"https:\/\/domainepartagegillesberlioz.fr\/wp-content\/uploads\/2018\/09\/DP-G-Berlioz-\u00e9cole-4-saisons-BD-.jpg 207w, https:\/\/domainepartagegillesberlioz.fr\/wp-content\/uploads\/2018\/09\/DP-G-Berlioz-\u00e9cole-4-saisons-BD--146x300.jpg 146w\" sizes=\"(max-width: 207px) 100vw, 207px\" \/>\u00a0 <img decoding=\"async\" loading=\"lazy\" class=\"alignnone size-full wp-image-855\" src=\"https:\/\/domainepartagegillesberlioz.fr\/wp-content\/uploads\/2018\/09\/DP-G-Berlioz\u00e9cole-Chignin-BD.jpg\" alt=\"\" width=\"425\" height=\"207\" srcset=\"https:\/\/domainepartagegillesberlioz.fr\/wp-content\/uploads\/2018\/09\/DP-G-Berlioz\u00e9cole-Chignin-BD.jpg 425w, https:\/\/domainepartagegillesberlioz.fr\/wp-content\/uploads\/2018\/09\/DP-G-Berlioz\u00e9cole-Chignin-BD-300x146.jpg 300w\" sizes=\"(max-width: 425px) 100vw, 425px\" \/><\/p>\n","protected":false},"excerpt":{"rendered":"<p>Les vendanges sont aussi pour le Domaine une occasion de partage avec les plus jeunes. Cette ann\u00e9e, les enfants de l&rsquo;\u00e9cole de Chignin et de l&rsquo;\u00e9cole des 4 saisons (Challes les Eaux) sont venus s&rsquo;initier \u00e0 la cueillette du raisin. Ils ont pu ensuite observer le vidage de la vendange dans le pressoir et voir &hellip; <\/p>\n<p class=\"link-more\"><a href=\"https:\/\/domainepartagegillesberlioz.fr\/index.php\/2018\/09\/20\/les-vendanges-lecole-buissonniere\/\" class=\"more-link\">Lire la suite de<span class=\"screen-reader-text\">\u00ab\u00a0Les vendanges, l&rsquo;\u00e9cole buissonni\u00e8re &#8230;\u00a0\u00bb<\/span><\/a><\/p>\n","protected":false},"author":1,"featured_media":0,"comment_status":"closed","ping_status":"open","sticky":false,"template":"","format":"standard","meta":[],"categories":[2],"tags":[],"featured_media_urls":[],"_links":{"self":[{"href":"https:\/\/domainepartagegillesberlioz.fr\/index.php\/wp-json\/wp\/v2\/posts\/852"}],"collection":[{"href":"https:\/\/domainepartagegillesberlioz.fr\/index.php\/wp-json\/wp\/v2\/posts"}],"about":[{"href":"https:\/\/domainepartagegillesberlioz.fr\/index.php\/wp-json\/wp\/v2\/types\/post"}],"author":[{"embeddable":true,"href":"https:\/\/domainepartagegillesberlioz.fr\/index.php\/wp-json\/wp\/v2\/users\/1"}],"replies":[{"embeddable":true,"href":"https:\/\/domainepartagegillesberlioz.fr\/index.php\/wp-json\/wp\/v2\/comments?post=852"}],"version-history":[{"count":2,"href":"https:\/\/domainepartagegillesberlioz.fr\/index.php\/wp-json\/wp\/v2\/posts\/852\/revisions"}],"predecessor-version":[{"id":860,"href":"https:\/\/domainepartagegillesberlioz.fr\/index.php\/wp-json\/wp\/v2\/posts\/852\/revisions\/860"}],"wp:attachment":[{"href":"https:\/\/domainepartagegillesberlioz.fr\/index.php\/wp-json\/wp\/v2\/media?parent=852"}],"wp:term":[{"taxonomy":"category","embeddable":true,"href":"https:\/\/domainepartagegillesberlioz.fr\/index.php\/wp-json\/wp\/v2\/categories?post=852"},{"taxonomy":"post_tag","embeddable":true,"href":"https:\/\/domainepartagegillesberlioz.fr\/index.php\/wp-json\/wp\/v2\/tags?post=852"}],"curies":[{"name":"wp","href":"https:\/\/api.w.org\/{rel}","templated":true}]}}