{"id":836,"date":"2018-09-10T13:02:40","date_gmt":"2018-09-10T12:02:40","guid":{"rendered":"http:\/\/domainepartagegillesberlioz.fr\/?p=836"},"modified":"2018-09-10T13:04:58","modified_gmt":"2018-09-10T12:04:58","slug":"premiers-coups-de-secateurs-au-domaine-partage-cest-parti-pour-les-vendanges-2018","status":"publish","type":"post","link":"https:\/\/domainepartagegillesberlioz.fr\/index.php\/2018\/09\/10\/premiers-coups-de-secateurs-au-domaine-partage-cest-parti-pour-les-vendanges-2018\/","title":{"rendered":"Premiers coups de s\u00e9cateurs au Domaine partag\u00e9, c&rsquo;est parti pour les vendanges 2018 !"},"content":{"rendered":"<p>Comme chaque ann\u00e9e, les \u00e9quipes du Domaine partag\u00e9 et du Domaine Pascal Annick vendangent ensemble. Cette ann\u00e9e, le top d\u00e9part a \u00e9t\u00e9 donn\u00e9 chez Gilles ce lundi 10 septembre. Et \u00e0 la fin de la matin\u00e9e, la roussette \u00e9tait rentr\u00e9e, bient\u00f4t toute pressur\u00e9e &#8230; rendez-vous avec la cuv\u00e9e El Hem\u00a0 !<\/p>\n<p><img decoding=\"async\" loading=\"lazy\" class=\"alignnone size-full wp-image-842\" src=\"https:\/\/domainepartagegillesberlioz.fr\/wp-content\/uploads\/2018\/09\/DP-G-Berlioz-Marcus-Christine-Aur\u00e9.jpg\" alt=\"\" width=\"207\" height=\"425\" srcset=\"https:\/\/domainepartagegillesberlioz.fr\/wp-content\/uploads\/2018\/09\/DP-G-Berlioz-Marcus-Christine-Aur\u00e9.jpg 207w, https:\/\/domainepartagegillesberlioz.fr\/wp-content\/uploads\/2018\/09\/DP-G-Berlioz-Marcus-Christine-Aur\u00e9-146x300.jpg 146w\" sizes=\"(max-width: 207px) 100vw, 207px\" \/> <img decoding=\"async\" loading=\"lazy\" class=\"alignnone size-full wp-image-840\" src=\"https:\/\/domainepartagegillesberlioz.fr\/wp-content\/uploads\/2018\/09\/DP-G-Berlioz-\u00e9quipe-BD.jpg\" alt=\"\" width=\"425\" height=\"207\" srcset=\"https:\/\/domainepartagegillesberlioz.fr\/wp-content\/uploads\/2018\/09\/DP-G-Berlioz-\u00e9quipe-BD.jpg 425w, https:\/\/domainepartagegillesberlioz.fr\/wp-content\/uploads\/2018\/09\/DP-G-Berlioz-\u00e9quipe-BD-300x146.jpg 300w\" sizes=\"(max-width: 425px) 100vw, 425px\" \/> <img decoding=\"async\" loading=\"lazy\" class=\"alignnone size-full wp-image-839\" src=\"https:\/\/domainepartagegillesberlioz.fr\/wp-content\/uploads\/2018\/09\/DP-G-Berlioz-Christine-Aur\u00e9.jpg\" alt=\"\" width=\"207\" height=\"425\" srcset=\"https:\/\/domainepartagegillesberlioz.fr\/wp-content\/uploads\/2018\/09\/DP-G-Berlioz-Christine-Aur\u00e9.jpg 207w, https:\/\/domainepartagegillesberlioz.fr\/wp-content\/uploads\/2018\/09\/DP-G-Berlioz-Christine-Aur\u00e9-146x300.jpg 146w\" sizes=\"(max-width: 207px) 100vw, 207px\" \/> <img decoding=\"async\" loading=\"lazy\" class=\"alignnone size-full wp-image-843\" src=\"https:\/\/domainepartagegillesberlioz.fr\/wp-content\/uploads\/2018\/09\/DP-G-Berlioz-pressoir.jpg\" alt=\"\" width=\"207\" height=\"425\" srcset=\"https:\/\/domainepartagegillesberlioz.fr\/wp-content\/uploads\/2018\/09\/DP-G-Berlioz-pressoir.jpg 207w, https:\/\/domainepartagegillesberlioz.fr\/wp-content\/uploads\/2018\/09\/DP-G-Berlioz-pressoir-146x300.jpg 146w\" sizes=\"(max-width: 207px) 100vw, 207px\" \/> <img decoding=\"async\" loading=\"lazy\" class=\"alignnone size-full wp-image-844\" src=\"https:\/\/domainepartagegillesberlioz.fr\/wp-content\/uploads\/2018\/09\/DP-G-Berlioz-raisins.jpg\" alt=\"\" width=\"207\" height=\"425\" srcset=\"https:\/\/domainepartagegillesberlioz.fr\/wp-content\/uploads\/2018\/09\/DP-G-Berlioz-raisins.jpg 207w, https:\/\/domainepartagegillesberlioz.fr\/wp-content\/uploads\/2018\/09\/DP-G-Berlioz-raisins-146x300.jpg 146w\" sizes=\"(max-width: 207px) 100vw, 207px\" \/><\/p>\n","protected":false},"excerpt":{"rendered":"<p>Comme chaque ann\u00e9e, les \u00e9quipes du Domaine partag\u00e9 et du Domaine Pascal Annick vendangent ensemble. Cette ann\u00e9e, le top d\u00e9part a \u00e9t\u00e9 donn\u00e9 chez Gilles ce lundi 10 septembre. Et \u00e0 la fin de la matin\u00e9e, la roussette \u00e9tait rentr\u00e9e, bient\u00f4t toute pressur\u00e9e &#8230; rendez-vous avec la cuv\u00e9e El Hem\u00a0 !<\/p>\n","protected":false},"author":1,"featured_media":0,"comment_status":"closed","ping_status":"open","sticky":false,"template":"","format":"standard","meta":[],"categories":[2],"tags":[85,88,87,86],"featured_media_urls":[],"_links":{"self":[{"href":"https:\/\/domainepartagegillesberlioz.fr\/index.php\/wp-json\/wp\/v2\/posts\/836"}],"collection":[{"href":"https:\/\/domainepartagegillesberlioz.fr\/index.php\/wp-json\/wp\/v2\/posts"}],"about":[{"href":"https:\/\/domainepartagegillesberlioz.fr\/index.php\/wp-json\/wp\/v2\/types\/post"}],"author":[{"embeddable":true,"href":"https:\/\/domainepartagegillesberlioz.fr\/index.php\/wp-json\/wp\/v2\/users\/1"}],"replies":[{"embeddable":true,"href":"https:\/\/domainepartagegillesberlioz.fr\/index.php\/wp-json\/wp\/v2\/comments?post=836"}],"version-history":[{"count":4,"href":"https:\/\/domainepartagegillesberlioz.fr\/index.php\/wp-json\/wp\/v2\/posts\/836\/revisions"}],"predecessor-version":[{"id":850,"href":"https:\/\/domainepartagegillesberlioz.fr\/index.php\/wp-json\/wp\/v2\/posts\/836\/revisions\/850"}],"wp:attachment":[{"href":"https:\/\/domainepartagegillesberlioz.fr\/index.php\/wp-json\/wp\/v2\/media?parent=836"}],"wp:term":[{"taxonomy":"category","embeddable":true,"href":"https:\/\/domainepartagegillesberlioz.fr\/index.php\/wp-json\/wp\/v2\/categories?post=836"},{"taxonomy":"post_tag","embeddable":true,"href":"https:\/\/domainepartagegillesberlioz.fr\/index.php\/wp-json\/wp\/v2\/tags?post=836"}],"curies":[{"name":"wp","href":"https:\/\/api.w.org\/{rel}","templated":true}]}}