{"id":829,"date":"2018-09-08T12:48:54","date_gmt":"2018-09-08T11:48:54","guid":{"rendered":"http:\/\/domainepartagegillesberlioz.fr\/?p=829"},"modified":"2018-09-07T13:00:17","modified_gmt":"2018-09-07T12:00:17","slug":"vendanges-top-depart-chez-adrien","status":"publish","type":"post","link":"https:\/\/domainepartagegillesberlioz.fr\/index.php\/2018\/09\/08\/vendanges-top-depart-chez-adrien\/","title":{"rendered":"Vendanges, top d\u00e9part chez Adrien Berlioz"},"content":{"rendered":"<p><img decoding=\"async\" loading=\"lazy\" class=\"size-full wp-image-831 alignright\" src=\"https:\/\/domainepartagegillesberlioz.fr\/wp-content\/uploads\/2018\/09\/DP-G-Berlioz-chez-Adrien1-pinot-gris-BD.jpg\" alt=\"\" width=\"425\" height=\"207\" srcset=\"https:\/\/domainepartagegillesberlioz.fr\/wp-content\/uploads\/2018\/09\/DP-G-Berlioz-chez-Adrien1-pinot-gris-BD.jpg 425w, https:\/\/domainepartagegillesberlioz.fr\/wp-content\/uploads\/2018\/09\/DP-G-Berlioz-chez-Adrien1-pinot-gris-BD-300x146.jpg 300w\" sizes=\"(max-width: 425px) 100vw, 425px\" \/>Ce mardi 4 septembre, d\u00e9but des vendanges 2018 chez Adrien Berlioz &#8211; Cellier des Crays (Chignin). Et oui, le pinot gris \u00e9tait \u00e0 maturit\u00e9!<\/p>\n<p>L&rsquo;\u00e9quipe du Domaine partag\u00e9 est all\u00e9 lui donner la main pour une petite matin\u00e9e de vendanges. Nous avons pu ainsi admir\u00e9 sa premi\u00e8re press\u00e9e avec son nouveau pressoir vertical.<\/p>\n<p>Le tout s&rsquo;est termin\u00e9 dans la bonne humeur \u00e0 l&rsquo;auberge La Savoyarde \u00e0 Francin.<\/p>\n<figure id=\"attachment_830\" aria-describedby=\"caption-attachment-830\" style=\"width: 425px\" class=\"wp-caption alignnone\"><img decoding=\"async\" loading=\"lazy\" class=\"size-full wp-image-830\" src=\"https:\/\/domainepartagegillesberlioz.fr\/wp-content\/uploads\/2018\/09\/DP-G-Berlioz-chez-Adrien-cave-BD.jpg\" alt=\"\" width=\"425\" height=\"207\" srcset=\"https:\/\/domainepartagegillesberlioz.fr\/wp-content\/uploads\/2018\/09\/DP-G-Berlioz-chez-Adrien-cave-BD.jpg 425w, https:\/\/domainepartagegillesberlioz.fr\/wp-content\/uploads\/2018\/09\/DP-G-Berlioz-chez-Adrien-cave-BD-300x146.jpg 300w\" sizes=\"(max-width: 425px) 100vw, 425px\" \/><figcaption id=\"caption-attachment-830\" class=\"wp-caption-text\">Mise en place du pressoir vertical<\/figcaption><\/figure>\n","protected":false},"excerpt":{"rendered":"<p>Ce mardi 4 septembre, d\u00e9but des vendanges 2018 chez Adrien Berlioz &#8211; Cellier des Crays (Chignin). Et oui, le pinot gris \u00e9tait \u00e0 maturit\u00e9! L&rsquo;\u00e9quipe du Domaine partag\u00e9 est all\u00e9 lui donner la main pour une petite matin\u00e9e de vendanges. Nous avons pu ainsi admir\u00e9 sa premi\u00e8re press\u00e9e avec son nouveau pressoir vertical. Le tout &hellip; <\/p>\n<p class=\"link-more\"><a href=\"https:\/\/domainepartagegillesberlioz.fr\/index.php\/2018\/09\/08\/vendanges-top-depart-chez-adrien\/\" class=\"more-link\">Lire la suite de<span class=\"screen-reader-text\">\u00ab\u00a0Vendanges, top d\u00e9part chez Adrien Berlioz\u00a0\u00bb<\/span><\/a><\/p>\n","protected":false},"author":1,"featured_media":0,"comment_status":"closed","ping_status":"open","sticky":false,"template":"","format":"standard","meta":[],"categories":[2],"tags":[83,35,84],"featured_media_urls":[],"_links":{"self":[{"href":"https:\/\/domainepartagegillesberlioz.fr\/index.php\/wp-json\/wp\/v2\/posts\/829"}],"collection":[{"href":"https:\/\/domainepartagegillesberlioz.fr\/index.php\/wp-json\/wp\/v2\/posts"}],"about":[{"href":"https:\/\/domainepartagegillesberlioz.fr\/index.php\/wp-json\/wp\/v2\/types\/post"}],"author":[{"embeddable":true,"href":"https:\/\/domainepartagegillesberlioz.fr\/index.php\/wp-json\/wp\/v2\/users\/1"}],"replies":[{"embeddable":true,"href":"https:\/\/domainepartagegillesberlioz.fr\/index.php\/wp-json\/wp\/v2\/comments?post=829"}],"version-history":[{"count":4,"href":"https:\/\/domainepartagegillesberlioz.fr\/index.php\/wp-json\/wp\/v2\/posts\/829\/revisions"}],"predecessor-version":[{"id":835,"href":"https:\/\/domainepartagegillesberlioz.fr\/index.php\/wp-json\/wp\/v2\/posts\/829\/revisions\/835"}],"wp:attachment":[{"href":"https:\/\/domainepartagegillesberlioz.fr\/index.php\/wp-json\/wp\/v2\/media?parent=829"}],"wp:term":[{"taxonomy":"category","embeddable":true,"href":"https:\/\/domainepartagegillesberlioz.fr\/index.php\/wp-json\/wp\/v2\/categories?post=829"},{"taxonomy":"post_tag","embeddable":true,"href":"https:\/\/domainepartagegillesberlioz.fr\/index.php\/wp-json\/wp\/v2\/tags?post=829"}],"curies":[{"name":"wp","href":"https:\/\/api.w.org\/{rel}","templated":true}]}}