{"id":586,"date":"2017-10-19T10:31:27","date_gmt":"2017-10-19T09:31:27","guid":{"rendered":"http:\/\/domainepartagegillesberlioz.fr\/?p=586"},"modified":"2017-10-12T10:42:14","modified_gmt":"2017-10-12T09:42:14","slug":"le-domaine-aux-salons-vignerons-de-nature","status":"publish","type":"post","link":"https:\/\/domainepartagegillesberlioz.fr\/index.php\/2017\/10\/19\/le-domaine-aux-salons-vignerons-de-nature\/","title":{"rendered":"Le Domaine aux salons Vignerons de nature"},"content":{"rendered":"<p><img decoding=\"async\" loading=\"lazy\" class=\"wp-image-587 alignright\" src=\"https:\/\/domainepartagegillesberlioz.fr\/wp-content\/uploads\/2017\/10\/logo-vignerons-de-nature.gif\" alt=\"\" width=\"182\" height=\"184\" \/>Le groupement \u00ab\u00a0Vignerons de nature\u00a0\u00bb invite les professionnels \u00e0 d\u00e9couvrir les vins\u00a0 des vignerons qu&rsquo;il repr\u00e9sente, tous passionn\u00e9s partageant la m\u00eame philosophie.<\/p>\n<p>L&rsquo;occasion de d\u00e9couvrir leurs vins, tous issus de l\u2019agriculture bio, biodynamique ou de vignerons qui respectent profond\u00e9ment leur terroir.<\/p>\n<p>Le Domaine sera pr\u00e9sent au salon de Lyon le 23 octobre, le 6 novembre \u00e0 Marseille et le 20 novembre \u00e0 Lyon.<\/p>\n<p class=\"infos\">Pour toute information : <a href=\"mailto:contact@vignerons-de-nature.fr\">contact@vignerons-de-nature.fr<\/a><\/p>\n<p class=\"infos\">Ou par t\u00e9l\u00e9phone au : +33 (0)4 27 10 83 73<\/p>\n<p><a href=\"http:\/\/www.vignerons-de-nature.com\/accueil\/\">http:\/\/www.vignerons-de-nature.com\/accueil\/<\/a><\/p>\n","protected":false},"excerpt":{"rendered":"<p>Le groupement \u00ab\u00a0Vignerons de nature\u00a0\u00bb invite les professionnels \u00e0 d\u00e9couvrir les vins\u00a0 des vignerons qu&rsquo;il repr\u00e9sente, tous passionn\u00e9s partageant la m\u00eame philosophie. L&rsquo;occasion de d\u00e9couvrir leurs vins, tous issus de l\u2019agriculture bio, biodynamique ou de vignerons qui respectent profond\u00e9ment leur terroir. Le Domaine sera pr\u00e9sent au salon de Lyon le 23 octobre, le 6 novembre &hellip; <\/p>\n<p class=\"link-more\"><a href=\"https:\/\/domainepartagegillesberlioz.fr\/index.php\/2017\/10\/19\/le-domaine-aux-salons-vignerons-de-nature\/\" class=\"more-link\">Lire la suite de<span class=\"screen-reader-text\">\u00ab\u00a0Le Domaine aux salons Vignerons de nature\u00a0\u00bb<\/span><\/a><\/p>\n","protected":false},"author":1,"featured_media":0,"comment_status":"closed","ping_status":"open","sticky":false,"template":"","format":"standard","meta":[],"categories":[2],"tags":[72,71,70],"featured_media_urls":[],"_links":{"self":[{"href":"https:\/\/domainepartagegillesberlioz.fr\/index.php\/wp-json\/wp\/v2\/posts\/586"}],"collection":[{"href":"https:\/\/domainepartagegillesberlioz.fr\/index.php\/wp-json\/wp\/v2\/posts"}],"about":[{"href":"https:\/\/domainepartagegillesberlioz.fr\/index.php\/wp-json\/wp\/v2\/types\/post"}],"author":[{"embeddable":true,"href":"https:\/\/domainepartagegillesberlioz.fr\/index.php\/wp-json\/wp\/v2\/users\/1"}],"replies":[{"embeddable":true,"href":"https:\/\/domainepartagegillesberlioz.fr\/index.php\/wp-json\/wp\/v2\/comments?post=586"}],"version-history":[{"count":1,"href":"https:\/\/domainepartagegillesberlioz.fr\/index.php\/wp-json\/wp\/v2\/posts\/586\/revisions"}],"predecessor-version":[{"id":588,"href":"https:\/\/domainepartagegillesberlioz.fr\/index.php\/wp-json\/wp\/v2\/posts\/586\/revisions\/588"}],"wp:attachment":[{"href":"https:\/\/domainepartagegillesberlioz.fr\/index.php\/wp-json\/wp\/v2\/media?parent=586"}],"wp:term":[{"taxonomy":"category","embeddable":true,"href":"https:\/\/domainepartagegillesberlioz.fr\/index.php\/wp-json\/wp\/v2\/categories?post=586"},{"taxonomy":"post_tag","embeddable":true,"href":"https:\/\/domainepartagegillesberlioz.fr\/index.php\/wp-json\/wp\/v2\/tags?post=586"}],"curies":[{"name":"wp","href":"https:\/\/api.w.org\/{rel}","templated":true}]}}