{"id":2843,"date":"2022-05-20T05:00:00","date_gmt":"2022-05-20T03:00:00","guid":{"rendered":"http:\/\/domainepartagegillesberlioz.fr\/?p=2843"},"modified":"2022-05-21T06:04:04","modified_gmt":"2022-05-21T04:04:04","slug":"benoit-de-la-cave-a-la-vigne","status":"publish","type":"post","link":"https:\/\/domainepartagegillesberlioz.fr\/index.php\/2022\/05\/20\/benoit-de-la-cave-a-la-vigne\/","title":{"rendered":"Beno\u00eet ou le tour de France d&rsquo;un caviste"},"content":{"rendered":"\n<p>Premier woofeur de la saison au Domaine partag\u00e9, Benoit est avant tout <strong>caviste<\/strong>. Passionn\u00e9 par son m\u00e9tier, il a eu envie d&rsquo;approfondir ses connaissances sur le vin et a entrepris <strong>un tour de France des r\u00e9gions et domaines viticoles<\/strong>. Dans chacune, il est accueilli en tant que woofeur par un viticulteur ; l\u00e0, il met son \u00e9nergie, sa curiosit\u00e9 et son enthousiasme dans le travail de la vigne ; apr\u00e8s les vendanges, ce sera le travail en cave qu&rsquo;il d\u00e9couvrira.<br>Et pendant son temps libre, Il va \u00e0 la rencontre d&rsquo;autres viticulteurs de la r\u00e9gion.<br><br>Quelle belle initiative pour ce messager du vin !<\/p>\n\n\n\n<p>Merci \u00e0 toi Beno\u00eet d&rsquo;\u00eatre venu parmi nous. Nous te souhaitons pleine <strong>r\u00e9ussite <\/strong>dans ton m\u00e9tier et tes <strong>projets<\/strong>.<\/p>\n\n\n\n<p class=\"has-small-font-size\"><em>Retrouvez-le sur : <\/em><a href=\"https:\/\/instagram.com\/un_caviste_dans_les_vignes?igshid=YmMyMTA2M2Y=\" target=\"_blank\" rel=\"noreferrer noopener\">https:\/\/instagram.com\/un_caviste_dans_les_vignes?igshid=YmMyMTA2M2Y=<\/a><\/p>\n\n\n\n<figure class=\"wp-block-image size-full\"><img decoding=\"async\" loading=\"lazy\" width=\"567\" height=\"567\" src=\"https:\/\/domainepartagegillesberlioz.fr\/wp-content\/uploads\/2022\/05\/DP-GBerlioz-Benoit.jpg\" alt=\"\" class=\"wp-image-2844\" srcset=\"https:\/\/domainepartagegillesberlioz.fr\/wp-content\/uploads\/2022\/05\/DP-GBerlioz-Benoit.jpg 567w, https:\/\/domainepartagegillesberlioz.fr\/wp-content\/uploads\/2022\/05\/DP-GBerlioz-Benoit-300x300.jpg 300w, https:\/\/domainepartagegillesberlioz.fr\/wp-content\/uploads\/2022\/05\/DP-GBerlioz-Benoit-150x150.jpg 150w\" sizes=\"(max-width: 567px) 100vw, 567px\" \/><\/figure>\n","protected":false},"excerpt":{"rendered":"<p>Premier woofeur de la saison au Domaine partag\u00e9, Benoit est avant tout caviste. Passionn\u00e9 par son m\u00e9tier, il a eu envie d&rsquo;approfondir ses connaissances sur le vin et a entrepris un tour de France des r\u00e9gions et domaines viticoles. Dans chacune, il est accueilli en tant que woofeur par un viticulteur ; l\u00e0, il met &hellip; <\/p>\n<p class=\"link-more\"><a href=\"https:\/\/domainepartagegillesberlioz.fr\/index.php\/2022\/05\/20\/benoit-de-la-cave-a-la-vigne\/\" class=\"more-link\">Lire la suite de<span class=\"screen-reader-text\">\u00ab\u00a0Beno\u00eet ou le tour de France d&rsquo;un caviste\u00a0\u00bb<\/span><\/a><\/p>\n","protected":false},"author":1,"featured_media":0,"comment_status":"closed","ping_status":"closed","sticky":true,"template":"","format":"standard","meta":[],"categories":[2],"tags":[446],"featured_media_urls":[],"_links":{"self":[{"href":"https:\/\/domainepartagegillesberlioz.fr\/index.php\/wp-json\/wp\/v2\/posts\/2843"}],"collection":[{"href":"https:\/\/domainepartagegillesberlioz.fr\/index.php\/wp-json\/wp\/v2\/posts"}],"about":[{"href":"https:\/\/domainepartagegillesberlioz.fr\/index.php\/wp-json\/wp\/v2\/types\/post"}],"author":[{"embeddable":true,"href":"https:\/\/domainepartagegillesberlioz.fr\/index.php\/wp-json\/wp\/v2\/users\/1"}],"replies":[{"embeddable":true,"href":"https:\/\/domainepartagegillesberlioz.fr\/index.php\/wp-json\/wp\/v2\/comments?post=2843"}],"version-history":[{"count":3,"href":"https:\/\/domainepartagegillesberlioz.fr\/index.php\/wp-json\/wp\/v2\/posts\/2843\/revisions"}],"predecessor-version":[{"id":2854,"href":"https:\/\/domainepartagegillesberlioz.fr\/index.php\/wp-json\/wp\/v2\/posts\/2843\/revisions\/2854"}],"wp:attachment":[{"href":"https:\/\/domainepartagegillesberlioz.fr\/index.php\/wp-json\/wp\/v2\/media?parent=2843"}],"wp:term":[{"taxonomy":"category","embeddable":true,"href":"https:\/\/domainepartagegillesberlioz.fr\/index.php\/wp-json\/wp\/v2\/categories?post=2843"},{"taxonomy":"post_tag","embeddable":true,"href":"https:\/\/domainepartagegillesberlioz.fr\/index.php\/wp-json\/wp\/v2\/tags?post=2843"}],"curies":[{"name":"wp","href":"https:\/\/api.w.org\/{rel}","templated":true}]}}