{"id":2833,"date":"2022-04-18T06:17:00","date_gmt":"2022-04-18T04:17:00","guid":{"rendered":"http:\/\/domainepartagegillesberlioz.fr\/?p=2833"},"modified":"2022-04-15T21:55:21","modified_gmt":"2022-04-15T19:55:21","slug":"paix","status":"publish","type":"post","link":"https:\/\/domainepartagegillesberlioz.fr\/index.php\/2022\/04\/18\/paix\/","title":{"rendered":"Paix"},"content":{"rendered":"\n<div class=\"wp-block-media-text alignwide is-stacked-on-mobile\"><figure class=\"wp-block-media-text__media\"><img decoding=\"async\" loading=\"lazy\" width=\"442\" height=\"352\" src=\"https:\/\/domainepartagegillesberlioz.fr\/wp-content\/uploads\/2022\/04\/Paix.jpg\" alt=\"\" class=\"wp-image-2834 size-full\" srcset=\"https:\/\/domainepartagegillesberlioz.fr\/wp-content\/uploads\/2022\/04\/Paix.jpg 442w, https:\/\/domainepartagegillesberlioz.fr\/wp-content\/uploads\/2022\/04\/Paix-300x239.jpg 300w\" sizes=\"(max-width: 442px) 100vw, 442px\" \/><\/figure><div class=\"wp-block-media-text__content\">\n<p class=\"has-medium-font-size\"><strong>La paix<\/strong>, ce n\u2019est pas quelque chose qui vient de l\u2019ext\u00e9rieur. C\u2019est quelque chose qui vient de l\u2019int\u00e9rieur (&#8230;) ;<br>chacun a la responsabilit\u00e9 de faire cro\u00eetre la paix en lui, afin que la paix demeure g\u00e9n\u00e9rale.<br>Dala\u00ef Lama <\/p>\n<\/div><\/div>\n","protected":false},"excerpt":{"rendered":"<p>La paix est de la respnsabilit\u00e9 de chacun<\/p>\n","protected":false},"author":1,"featured_media":0,"comment_status":"closed","ping_status":"closed","sticky":true,"template":"","format":"standard","meta":[],"categories":[2],"tags":[442,441],"featured_media_urls":[],"_links":{"self":[{"href":"https:\/\/domainepartagegillesberlioz.fr\/index.php\/wp-json\/wp\/v2\/posts\/2833"}],"collection":[{"href":"https:\/\/domainepartagegillesberlioz.fr\/index.php\/wp-json\/wp\/v2\/posts"}],"about":[{"href":"https:\/\/domainepartagegillesberlioz.fr\/index.php\/wp-json\/wp\/v2\/types\/post"}],"author":[{"embeddable":true,"href":"https:\/\/domainepartagegillesberlioz.fr\/index.php\/wp-json\/wp\/v2\/users\/1"}],"replies":[{"embeddable":true,"href":"https:\/\/domainepartagegillesberlioz.fr\/index.php\/wp-json\/wp\/v2\/comments?post=2833"}],"version-history":[{"count":1,"href":"https:\/\/domainepartagegillesberlioz.fr\/index.php\/wp-json\/wp\/v2\/posts\/2833\/revisions"}],"predecessor-version":[{"id":2835,"href":"https:\/\/domainepartagegillesberlioz.fr\/index.php\/wp-json\/wp\/v2\/posts\/2833\/revisions\/2835"}],"wp:attachment":[{"href":"https:\/\/domainepartagegillesberlioz.fr\/index.php\/wp-json\/wp\/v2\/media?parent=2833"}],"wp:term":[{"taxonomy":"category","embeddable":true,"href":"https:\/\/domainepartagegillesberlioz.fr\/index.php\/wp-json\/wp\/v2\/categories?post=2833"},{"taxonomy":"post_tag","embeddable":true,"href":"https:\/\/domainepartagegillesberlioz.fr\/index.php\/wp-json\/wp\/v2\/tags?post=2833"}],"curies":[{"name":"wp","href":"https:\/\/api.w.org\/{rel}","templated":true}]}}