{"id":2823,"date":"2022-04-13T05:45:00","date_gmt":"2022-04-13T03:45:00","guid":{"rendered":"http:\/\/domainepartagegillesberlioz.fr\/?p=2823"},"modified":"2022-04-12T13:48:12","modified_gmt":"2022-04-12T11:48:12","slug":"les-filles-et-les-fripons-2021-en-etiquettes","status":"publish","type":"post","link":"https:\/\/domainepartagegillesberlioz.fr\/index.php\/2022\/04\/13\/les-filles-et-les-fripons-2021-en-etiquettes\/","title":{"rendered":"Les Filles et Les Fripons 2021 en \u00e9tiquettes"},"content":{"rendered":"\n<p>Comme chaque ann\u00e9e, Christine et Gilles ont fait appel \u00e0 un.e artiste pour r\u00e9aliser l&rsquo;\u00e9tiquette des deux cuv\u00e9es de Roussanne, embl\u00e9matiques du Domaine partag\u00e9, Les Filles et Les Fripons.<br>Armelle de La Brosse, graphiste ind\u00e9pendante chamb\u00e9rienne, signe celles du mill\u00e9sime 2021.<\/p>\n\n\n\n<p class=\"has-small-font-size\">Contact : <a href=\"https:\/\/lapalmeraie.fr\/atelier-dix-de-der\">https:\/\/lapalmeraie.fr\/atelier-dix-de-der<\/a> et <a href=\"https:\/\/fr.linkedin.com\/in\/armelle-de-la-brosse\">https:\/\/fr.linkedin.com\/in\/armelle-de-la-brosse<\/a><\/p>\n\n\n\n<figure class=\"is-layout-flex wp-block-gallery-1 wp-block-gallery columns-2 is-cropped\"><ul class=\"blocks-gallery-grid\"><li class=\"blocks-gallery-item\"><figure><img decoding=\"async\" loading=\"lazy\" width=\"1024\" height=\"796\" src=\"https:\/\/domainepartagegillesberlioz.fr\/wp-content\/uploads\/2022\/04\/DP-Gilles-Berlioz-Les-filles-2021-1024x796.jpg\" alt=\"\" data-id=\"2827\" data-full-url=\"https:\/\/domainepartagegillesberlioz.fr\/wp-content\/uploads\/2022\/04\/DP-Gilles-Berlioz-Les-filles-2021.jpg\" data-link=\"https:\/\/domainepartagegillesberlioz.fr\/?attachment_id=2827\" class=\"wp-image-2827\" srcset=\"https:\/\/domainepartagegillesberlioz.fr\/wp-content\/uploads\/2022\/04\/DP-Gilles-Berlioz-Les-filles-2021-1024x796.jpg 1024w, https:\/\/domainepartagegillesberlioz.fr\/wp-content\/uploads\/2022\/04\/DP-Gilles-Berlioz-Les-filles-2021-300x233.jpg 300w, https:\/\/domainepartagegillesberlioz.fr\/wp-content\/uploads\/2022\/04\/DP-Gilles-Berlioz-Les-filles-2021-768x597.jpg 768w, https:\/\/domainepartagegillesberlioz.fr\/wp-content\/uploads\/2022\/04\/DP-Gilles-Berlioz-Les-filles-2021-676x525.jpg 676w, https:\/\/domainepartagegillesberlioz.fr\/wp-content\/uploads\/2022\/04\/DP-Gilles-Berlioz-Les-filles-2021.jpg 1059w\" sizes=\"(max-width: 1024px) 100vw, 1024px\" \/><\/figure><\/li><li class=\"blocks-gallery-item\"><figure><img decoding=\"async\" loading=\"lazy\" width=\"1024\" height=\"797\" src=\"https:\/\/domainepartagegillesberlioz.fr\/wp-content\/uploads\/2022\/04\/DP-Gilles-Berlioz-Les-Fipons-2021-1024x797.jpg\" alt=\"\" data-id=\"2828\" data-full-url=\"https:\/\/domainepartagegillesberlioz.fr\/wp-content\/uploads\/2022\/04\/DP-Gilles-Berlioz-Les-Fipons-2021.jpg\" data-link=\"https:\/\/domainepartagegillesberlioz.fr\/?attachment_id=2828\" class=\"wp-image-2828\" srcset=\"https:\/\/domainepartagegillesberlioz.fr\/wp-content\/uploads\/2022\/04\/DP-Gilles-Berlioz-Les-Fipons-2021-1024x797.jpg 1024w, https:\/\/domainepartagegillesberlioz.fr\/wp-content\/uploads\/2022\/04\/DP-Gilles-Berlioz-Les-Fipons-2021-300x233.jpg 300w, https:\/\/domainepartagegillesberlioz.fr\/wp-content\/uploads\/2022\/04\/DP-Gilles-Berlioz-Les-Fipons-2021-768x598.jpg 768w, https:\/\/domainepartagegillesberlioz.fr\/wp-content\/uploads\/2022\/04\/DP-Gilles-Berlioz-Les-Fipons-2021-676x526.jpg 676w, https:\/\/domainepartagegillesberlioz.fr\/wp-content\/uploads\/2022\/04\/DP-Gilles-Berlioz-Les-Fipons-2021.jpg 1060w\" sizes=\"(max-width: 1024px) 100vw, 1024px\" \/><\/figure><\/li><\/ul><\/figure>\n\n\n\n<p><\/p>\n","protected":false},"excerpt":{"rendered":"<p>La graphiste Armelle de La Brosse signe les \u00e9tiquettes 2021 des Filles et des Fripons<\/p>\n","protected":false},"author":1,"featured_media":0,"comment_status":"closed","ping_status":"closed","sticky":true,"template":"","format":"standard","meta":[],"categories":[2],"tags":[438,439,440,160,307],"featured_media_urls":[],"_links":{"self":[{"href":"https:\/\/domainepartagegillesberlioz.fr\/index.php\/wp-json\/wp\/v2\/posts\/2823"}],"collection":[{"href":"https:\/\/domainepartagegillesberlioz.fr\/index.php\/wp-json\/wp\/v2\/posts"}],"about":[{"href":"https:\/\/domainepartagegillesberlioz.fr\/index.php\/wp-json\/wp\/v2\/types\/post"}],"author":[{"embeddable":true,"href":"https:\/\/domainepartagegillesberlioz.fr\/index.php\/wp-json\/wp\/v2\/users\/1"}],"replies":[{"embeddable":true,"href":"https:\/\/domainepartagegillesberlioz.fr\/index.php\/wp-json\/wp\/v2\/comments?post=2823"}],"version-history":[{"count":3,"href":"https:\/\/domainepartagegillesberlioz.fr\/index.php\/wp-json\/wp\/v2\/posts\/2823\/revisions"}],"predecessor-version":[{"id":2830,"href":"https:\/\/domainepartagegillesberlioz.fr\/index.php\/wp-json\/wp\/v2\/posts\/2823\/revisions\/2830"}],"wp:attachment":[{"href":"https:\/\/domainepartagegillesberlioz.fr\/index.php\/wp-json\/wp\/v2\/media?parent=2823"}],"wp:term":[{"taxonomy":"category","embeddable":true,"href":"https:\/\/domainepartagegillesberlioz.fr\/index.php\/wp-json\/wp\/v2\/categories?post=2823"},{"taxonomy":"post_tag","embeddable":true,"href":"https:\/\/domainepartagegillesberlioz.fr\/index.php\/wp-json\/wp\/v2\/tags?post=2823"}],"curies":[{"name":"wp","href":"https:\/\/api.w.org\/{rel}","templated":true}]}}