{"id":255,"date":"2017-05-11T11:32:57","date_gmt":"2017-05-11T10:32:57","guid":{"rendered":"http:\/\/domainepartagegillesberlioz.fr\/?p=255"},"modified":"2017-05-12T05:24:47","modified_gmt":"2017-05-12T04:24:47","slug":"une-nouvelle-parcelle","status":"publish","type":"post","link":"https:\/\/domainepartagegillesberlioz.fr\/index.php\/2017\/05\/11\/une-nouvelle-parcelle\/","title":{"rendered":"Une nouvelle parcelle"},"content":{"rendered":"<figure id=\"attachment_256\" aria-describedby=\"caption-attachment-256\" style=\"width: 225px\" class=\"wp-caption alignright\"><img decoding=\"async\" loading=\"lazy\" class=\"wp-image-256 size-medium\" src=\"https:\/\/domainepartagegillesberlioz.fr\/wp-content\/uploads\/2017\/05\/DP-G-Berlioz-art-225x300.jpg\" alt=\"DP G Berlioz art\" width=\"225\" height=\"300\" srcset=\"https:\/\/domainepartagegillesberlioz.fr\/wp-content\/uploads\/2017\/05\/DP-G-Berlioz-art-225x300.jpg 225w, https:\/\/domainepartagegillesberlioz.fr\/wp-content\/uploads\/2017\/05\/DP-G-Berlioz-art-768x1024.jpg 768w, https:\/\/domainepartagegillesberlioz.fr\/wp-content\/uploads\/2017\/05\/DP-G-Berlioz-art-676x901.jpg 676w, https:\/\/domainepartagegillesberlioz.fr\/wp-content\/uploads\/2017\/05\/DP-G-Berlioz-art.jpg 773w\" sizes=\"(max-width: 225px) 100vw, 225px\" \/><figcaption id=\"caption-attachment-256\" class=\"wp-caption-text\">Une parcelle sous le signe de l&rsquo;art<\/figcaption><\/figure>\n<p>Apr\u00e8s une parcelle en Chignin-Bergeron en 2016, cette ann\u00e9e c&rsquo;est une nouvelle parcelle de jacqu\u00e8re que nous avons plant\u00e9e.<\/p>\n<p>Apr\u00e8s avoir pr\u00e9par\u00e9 le sol (fumier, herse rotative, ) cet hiver, nous avons, en avril,\u00a0 trac\u00e9, puis plant\u00e9 les jeunes pieds. Ensuite, il nous a fallu installer les piquets de rangs et de t\u00eate &#8230;<\/p>\n<p>Et dans 3 ans,<\/p>\n<p>la vigne devrait commenc\u00e9 \u00e0 produire !<\/p>\n<figure id=\"attachment_263\" aria-describedby=\"caption-attachment-263\" style=\"width: 300px\" class=\"wp-caption alignleft\"><img decoding=\"async\" loading=\"lazy\" class=\"wp-image-263 size-medium\" src=\"https:\/\/domainepartagegillesberlioz.fr\/wp-content\/uploads\/2017\/05\/DP-G-Berlioz-plantation-300x225.jpg\" alt=\"DP G Berlioz plantation\" width=\"300\" height=\"225\" srcset=\"https:\/\/domainepartagegillesberlioz.fr\/wp-content\/uploads\/2017\/05\/DP-G-Berlioz-plantation-300x225.jpg 300w, https:\/\/domainepartagegillesberlioz.fr\/wp-content\/uploads\/2017\/05\/DP-G-Berlioz-plantation-768x576.jpg 768w, https:\/\/domainepartagegillesberlioz.fr\/wp-content\/uploads\/2017\/05\/DP-G-Berlioz-plantation-1024x768.jpg 1024w, https:\/\/domainepartagegillesberlioz.fr\/wp-content\/uploads\/2017\/05\/DP-G-Berlioz-plantation-676x507.jpg 676w, https:\/\/domainepartagegillesberlioz.fr\/wp-content\/uploads\/2017\/05\/DP-G-Berlioz-plantation.jpg 1030w\" sizes=\"(max-width: 300px) 100vw, 300px\" \/><figcaption id=\"caption-attachment-263\" class=\"wp-caption-text\">Une fois le tra\u00e7age effectu\u00e9, la plantation des jeunes pieds. Ici, Lilian en action<\/figcaption><\/figure>\n<p>&nbsp;<\/p>\n<figure id=\"attachment_260\" aria-describedby=\"caption-attachment-260\" style=\"width: 225px\" class=\"wp-caption alignright\"><img decoding=\"async\" loading=\"lazy\" class=\"wp-image-260 size-medium\" src=\"https:\/\/domainepartagegillesberlioz.fr\/wp-content\/uploads\/2017\/05\/DP-G-Berlioz-on-am\u00e8ne-piquets-225x300.jpg\" alt=\"DP G Berlioz on am\u00e8ne piquets\" width=\"225\" height=\"300\" srcset=\"https:\/\/domainepartagegillesberlioz.fr\/wp-content\/uploads\/2017\/05\/DP-G-Berlioz-on-am\u00e8ne-piquets-225x300.jpg 225w, https:\/\/domainepartagegillesberlioz.fr\/wp-content\/uploads\/2017\/05\/DP-G-Berlioz-on-am\u00e8ne-piquets-768x1024.jpg 768w, https:\/\/domainepartagegillesberlioz.fr\/wp-content\/uploads\/2017\/05\/DP-G-Berlioz-on-am\u00e8ne-piquets-676x901.jpg 676w, https:\/\/domainepartagegillesberlioz.fr\/wp-content\/uploads\/2017\/05\/DP-G-Berlioz-on-am\u00e8ne-piquets.jpg 773w\" sizes=\"(max-width: 225px) 100vw, 225px\" \/><figcaption id=\"caption-attachment-260\" class=\"wp-caption-text\">Puis, on dispose les piquets<\/figcaption><\/figure>\n<p><img decoding=\"async\" loading=\"lazy\" class=\"size-medium wp-image-262 alignleft\" src=\"https:\/\/domainepartagegillesberlioz.fr\/wp-content\/uploads\/2017\/05\/DP-G-Berlioz-piquets-225x300.jpg\" alt=\"DP G Berlioz piquets\" width=\"225\" height=\"300\" srcset=\"https:\/\/domainepartagegillesberlioz.fr\/wp-content\/uploads\/2017\/05\/DP-G-Berlioz-piquets-225x300.jpg 225w, https:\/\/domainepartagegillesberlioz.fr\/wp-content\/uploads\/2017\/05\/DP-G-Berlioz-piquets-768x1024.jpg 768w, https:\/\/domainepartagegillesberlioz.fr\/wp-content\/uploads\/2017\/05\/DP-G-Berlioz-piquets-676x901.jpg 676w, https:\/\/domainepartagegillesberlioz.fr\/wp-content\/uploads\/2017\/05\/DP-G-Berlioz-piquets.jpg 773w\" sizes=\"(max-width: 225px) 100vw, 225px\" \/><\/p>\n<p><img decoding=\"async\" loading=\"lazy\" class=\"size-medium wp-image-264 alignright\" src=\"https:\/\/domainepartagegillesberlioz.fr\/wp-content\/uploads\/2017\/05\/DP-G-Berlioz-pose-piquets-300x225.jpg\" alt=\"DP G Berlioz pose piquets\" width=\"300\" height=\"225\" srcset=\"https:\/\/domainepartagegillesberlioz.fr\/wp-content\/uploads\/2017\/05\/DP-G-Berlioz-pose-piquets-300x225.jpg 300w, https:\/\/domainepartagegillesberlioz.fr\/wp-content\/uploads\/2017\/05\/DP-G-Berlioz-pose-piquets-768x576.jpg 768w, https:\/\/domainepartagegillesberlioz.fr\/wp-content\/uploads\/2017\/05\/DP-G-Berlioz-pose-piquets-1024x768.jpg 1024w, https:\/\/domainepartagegillesberlioz.fr\/wp-content\/uploads\/2017\/05\/DP-G-Berlioz-pose-piquets-676x507.jpg 676w, https:\/\/domainepartagegillesberlioz.fr\/wp-content\/uploads\/2017\/05\/DP-G-Berlioz-pose-piquets.jpg 1030w\" sizes=\"(max-width: 300px) 100vw, 300px\" \/><\/p>\n<p>&nbsp;<\/p>\n<p>&nbsp;<\/p>\n<p>&nbsp;<\/p>\n<p>&nbsp;<\/p>\n<p>&nbsp;<\/p>\n<p>&nbsp;<\/p>\n<p>&nbsp;<\/p>\n<figure id=\"attachment_261\" aria-describedby=\"caption-attachment-261\" style=\"width: 225px\" class=\"wp-caption alignleft\"><img decoding=\"async\" loading=\"lazy\" class=\"wp-image-261 size-medium\" src=\"https:\/\/domainepartagegillesberlioz.fr\/wp-content\/uploads\/2017\/05\/DP-G-Berlioz-piquets-de-t\u00eate-225x300.jpg\" alt=\"DP G Berlioz piquets de t\u00eate\" width=\"225\" height=\"300\" srcset=\"https:\/\/domainepartagegillesberlioz.fr\/wp-content\/uploads\/2017\/05\/DP-G-Berlioz-piquets-de-t\u00eate-225x300.jpg 225w, https:\/\/domainepartagegillesberlioz.fr\/wp-content\/uploads\/2017\/05\/DP-G-Berlioz-piquets-de-t\u00eate-768x1024.jpg 768w, https:\/\/domainepartagegillesberlioz.fr\/wp-content\/uploads\/2017\/05\/DP-G-Berlioz-piquets-de-t\u00eate-676x901.jpg 676w, https:\/\/domainepartagegillesberlioz.fr\/wp-content\/uploads\/2017\/05\/DP-G-Berlioz-piquets-de-t\u00eate.jpg 773w\" sizes=\"(max-width: 225px) 100vw, 225px\" \/><figcaption id=\"caption-attachment-261\" class=\"wp-caption-text\">Les piquets de t\u00eate<\/figcaption><\/figure>\n<p>&nbsp;<\/p>\n<p>&nbsp;<\/p>\n<figure id=\"attachment_259\" aria-describedby=\"caption-attachment-259\" style=\"width: 300px\" class=\"wp-caption alignright\"><img decoding=\"async\" loading=\"lazy\" class=\"wp-image-259 size-medium\" src=\"https:\/\/domainepartagegillesberlioz.fr\/wp-content\/uploads\/2017\/05\/DP-G-Berlioz-obs-300x225.jpg\" alt=\"DP G Berlioz obs\" width=\"300\" height=\"225\" srcset=\"https:\/\/domainepartagegillesberlioz.fr\/wp-content\/uploads\/2017\/05\/DP-G-Berlioz-obs-300x225.jpg 300w, https:\/\/domainepartagegillesberlioz.fr\/wp-content\/uploads\/2017\/05\/DP-G-Berlioz-obs-768x576.jpg 768w, https:\/\/domainepartagegillesberlioz.fr\/wp-content\/uploads\/2017\/05\/DP-G-Berlioz-obs-1024x768.jpg 1024w, https:\/\/domainepartagegillesberlioz.fr\/wp-content\/uploads\/2017\/05\/DP-G-Berlioz-obs-676x507.jpg 676w, https:\/\/domainepartagegillesberlioz.fr\/wp-content\/uploads\/2017\/05\/DP-G-Berlioz-obs.jpg 1030w\" sizes=\"(max-width: 300px) 100vw, 300px\" \/><figcaption id=\"caption-attachment-259\" class=\"wp-caption-text\">Une observatrice attentive<\/figcaption><\/figure>\n","protected":false},"excerpt":{"rendered":"<p>Apr\u00e8s une parcelle en Chignin-Bergeron en 2016, cette ann\u00e9e c&rsquo;est une nouvelle parcelle de jacqu\u00e8re que nous avons plant\u00e9e. Apr\u00e8s avoir pr\u00e9par\u00e9 le sol (fumier, herse rotative, ) cet hiver, nous avons, en avril,\u00a0 trac\u00e9, puis plant\u00e9 les jeunes pieds. Ensuite, il nous a fallu installer les piquets de rangs et de t\u00eate &#8230; Et &hellip; <\/p>\n<p class=\"link-more\"><a href=\"https:\/\/domainepartagegillesberlioz.fr\/index.php\/2017\/05\/11\/une-nouvelle-parcelle\/\" class=\"more-link\">Lire la suite de<span class=\"screen-reader-text\">\u00ab\u00a0Une nouvelle parcelle\u00a0\u00bb<\/span><\/a><\/p>\n","protected":false},"author":1,"featured_media":0,"comment_status":"open","ping_status":"open","sticky":false,"template":"","format":"standard","meta":[],"categories":[2],"tags":[19,21,18,20,17],"featured_media_urls":[],"_links":{"self":[{"href":"https:\/\/domainepartagegillesberlioz.fr\/index.php\/wp-json\/wp\/v2\/posts\/255"}],"collection":[{"href":"https:\/\/domainepartagegillesberlioz.fr\/index.php\/wp-json\/wp\/v2\/posts"}],"about":[{"href":"https:\/\/domainepartagegillesberlioz.fr\/index.php\/wp-json\/wp\/v2\/types\/post"}],"author":[{"embeddable":true,"href":"https:\/\/domainepartagegillesberlioz.fr\/index.php\/wp-json\/wp\/v2\/users\/1"}],"replies":[{"embeddable":true,"href":"https:\/\/domainepartagegillesberlioz.fr\/index.php\/wp-json\/wp\/v2\/comments?post=255"}],"version-history":[{"count":6,"href":"https:\/\/domainepartagegillesberlioz.fr\/index.php\/wp-json\/wp\/v2\/posts\/255\/revisions"}],"predecessor-version":[{"id":272,"href":"https:\/\/domainepartagegillesberlioz.fr\/index.php\/wp-json\/wp\/v2\/posts\/255\/revisions\/272"}],"wp:attachment":[{"href":"https:\/\/domainepartagegillesberlioz.fr\/index.php\/wp-json\/wp\/v2\/media?parent=255"}],"wp:term":[{"taxonomy":"category","embeddable":true,"href":"https:\/\/domainepartagegillesberlioz.fr\/index.php\/wp-json\/wp\/v2\/categories?post=255"},{"taxonomy":"post_tag","embeddable":true,"href":"https:\/\/domainepartagegillesberlioz.fr\/index.php\/wp-json\/wp\/v2\/tags?post=255"}],"curies":[{"name":"wp","href":"https:\/\/api.w.org\/{rel}","templated":true}]}}