{"id":2485,"date":"2021-10-18T05:43:00","date_gmt":"2021-10-18T03:43:00","guid":{"rendered":"http:\/\/domainepartagegillesberlioz.fr\/?p=2485"},"modified":"2021-10-14T13:50:53","modified_gmt":"2021-10-14T11:50:53","slug":"la-belgique-fait-le-show","status":"publish","type":"post","link":"https:\/\/domainepartagegillesberlioz.fr\/index.php\/2021\/10\/18\/la-belgique-fait-le-show\/","title":{"rendered":"La Belgique fait le show"},"content":{"rendered":"\n<p>Une soir\u00e9e des v<em>endanges 2021<\/em><\/p>\n\n\n\n<p>Est-ce la cuv\u00e9e Am\u00e9thyste du <a href=\"http:\/\/www.domaine-des-ardoisieres.fr\/\">Domaine des Ardoisi\u00e8res<\/a> d\u00e9gust\u00e9e \u00e0 l&rsquo;ap\u00e9ro qui a contribu\u00e9 \u00e0 transformer ainsi les hommes du Domaine partag\u00e9 ?<br>En tous les cas, nous avons d\u00e9couvert une facette m\u00e9connue de Pierre-Yves, woofeur belge qui a pass\u00e9 quelques jours \u00e0 nos c\u00f4t\u00e9s.<\/p>\n\n\n\n<figure class=\"wp-block-image size-full\"><img decoding=\"async\" loading=\"lazy\" width=\"756\" height=\"756\" src=\"https:\/\/domainepartagegillesberlioz.fr\/wp-content\/uploads\/2021\/10\/DP-Gilles-Berlioz-Ardoisieres-BD.jpg\" alt=\"\" class=\"wp-image-2486\" srcset=\"https:\/\/domainepartagegillesberlioz.fr\/wp-content\/uploads\/2021\/10\/DP-Gilles-Berlioz-Ardoisieres-BD.jpg 756w, https:\/\/domainepartagegillesberlioz.fr\/wp-content\/uploads\/2021\/10\/DP-Gilles-Berlioz-Ardoisieres-BD-300x300.jpg 300w, https:\/\/domainepartagegillesberlioz.fr\/wp-content\/uploads\/2021\/10\/DP-Gilles-Berlioz-Ardoisieres-BD-150x150.jpg 150w, https:\/\/domainepartagegillesberlioz.fr\/wp-content\/uploads\/2021\/10\/DP-Gilles-Berlioz-Ardoisieres-BD-676x676.jpg 676w\" sizes=\"(max-width: 756px) 100vw, 756px\" \/><\/figure>\n","protected":false},"excerpt":{"rendered":"<p>Les hommes du Domaine partag\u00e9 se transforment<\/p>\n","protected":false},"author":1,"featured_media":0,"comment_status":"closed","ping_status":"closed","sticky":true,"template":"","format":"standard","meta":[],"categories":[2],"tags":[396,397,398],"featured_media_urls":[],"_links":{"self":[{"href":"https:\/\/domainepartagegillesberlioz.fr\/index.php\/wp-json\/wp\/v2\/posts\/2485"}],"collection":[{"href":"https:\/\/domainepartagegillesberlioz.fr\/index.php\/wp-json\/wp\/v2\/posts"}],"about":[{"href":"https:\/\/domainepartagegillesberlioz.fr\/index.php\/wp-json\/wp\/v2\/types\/post"}],"author":[{"embeddable":true,"href":"https:\/\/domainepartagegillesberlioz.fr\/index.php\/wp-json\/wp\/v2\/users\/1"}],"replies":[{"embeddable":true,"href":"https:\/\/domainepartagegillesberlioz.fr\/index.php\/wp-json\/wp\/v2\/comments?post=2485"}],"version-history":[{"count":3,"href":"https:\/\/domainepartagegillesberlioz.fr\/index.php\/wp-json\/wp\/v2\/posts\/2485\/revisions"}],"predecessor-version":[{"id":2489,"href":"https:\/\/domainepartagegillesberlioz.fr\/index.php\/wp-json\/wp\/v2\/posts\/2485\/revisions\/2489"}],"wp:attachment":[{"href":"https:\/\/domainepartagegillesberlioz.fr\/index.php\/wp-json\/wp\/v2\/media?parent=2485"}],"wp:term":[{"taxonomy":"category","embeddable":true,"href":"https:\/\/domainepartagegillesberlioz.fr\/index.php\/wp-json\/wp\/v2\/categories?post=2485"},{"taxonomy":"post_tag","embeddable":true,"href":"https:\/\/domainepartagegillesberlioz.fr\/index.php\/wp-json\/wp\/v2\/tags?post=2485"}],"curies":[{"name":"wp","href":"https:\/\/api.w.org\/{rel}","templated":true}]}}