{"id":2432,"date":"2021-09-27T13:51:10","date_gmt":"2021-09-27T11:51:10","guid":{"rendered":"http:\/\/domainepartagegillesberlioz.fr\/?p=2432"},"modified":"2021-09-27T13:51:10","modified_gmt":"2021-09-27T11:51:10","slug":"bibi-se-merite","status":"publish","type":"post","link":"https:\/\/domainepartagegillesberlioz.fr\/index.php\/2021\/09\/27\/bibi-se-merite\/","title":{"rendered":"Bibi se m\u00e9rite !"},"content":{"rendered":"\n<p>Mercredi 22 sept, vendanges du Gamay pour Bibi.<\/p>\n\n\n\n<p>Gros tri : il s&rsquo;agit de ne laisser que les plus belles baies de raisin, et donc d&rsquo;enlever tout ce qui est sec (ann\u00e9e \u00e0 mildiou !) ou pourri.<\/p>\n\n\n\n<p>Une longue journ\u00e9e de patience, qui s&rsquo;ach\u00e8vera \u00e0 la nuit !<\/p>\n\n\n\n<figure class=\"wp-block-image size-full\"><img decoding=\"async\" loading=\"lazy\" width=\"756\" height=\"756\" src=\"https:\/\/domainepartagegillesberlioz.fr\/wp-content\/uploads\/2021\/09\/DP-Gilles-Berlioz-gamay-1-BD.jpg\" alt=\"\" class=\"wp-image-2433\" srcset=\"https:\/\/domainepartagegillesberlioz.fr\/wp-content\/uploads\/2021\/09\/DP-Gilles-Berlioz-gamay-1-BD.jpg 756w, https:\/\/domainepartagegillesberlioz.fr\/wp-content\/uploads\/2021\/09\/DP-Gilles-Berlioz-gamay-1-BD-300x300.jpg 300w, https:\/\/domainepartagegillesberlioz.fr\/wp-content\/uploads\/2021\/09\/DP-Gilles-Berlioz-gamay-1-BD-150x150.jpg 150w, https:\/\/domainepartagegillesberlioz.fr\/wp-content\/uploads\/2021\/09\/DP-Gilles-Berlioz-gamay-1-BD-676x676.jpg 676w\" sizes=\"(max-width: 756px) 100vw, 756px\" \/><\/figure>\n\n\n\n<figure class=\"wp-block-image size-full\"><img decoding=\"async\" loading=\"lazy\" width=\"756\" height=\"756\" src=\"https:\/\/domainepartagegillesberlioz.fr\/wp-content\/uploads\/2021\/09\/DP-Gilles-Berlioz-gamay-2-BD.jpg\" alt=\"\" class=\"wp-image-2434\" srcset=\"https:\/\/domainepartagegillesberlioz.fr\/wp-content\/uploads\/2021\/09\/DP-Gilles-Berlioz-gamay-2-BD.jpg 756w, https:\/\/domainepartagegillesberlioz.fr\/wp-content\/uploads\/2021\/09\/DP-Gilles-Berlioz-gamay-2-BD-300x300.jpg 300w, https:\/\/domainepartagegillesberlioz.fr\/wp-content\/uploads\/2021\/09\/DP-Gilles-Berlioz-gamay-2-BD-150x150.jpg 150w, https:\/\/domainepartagegillesberlioz.fr\/wp-content\/uploads\/2021\/09\/DP-Gilles-Berlioz-gamay-2-BD-676x676.jpg 676w\" sizes=\"(max-width: 756px) 100vw, 756px\" \/><\/figure>\n","protected":false},"excerpt":{"rendered":"<p>Vendanges 2021 dans le Gamay pour Bibi<\/p>\n","protected":false},"author":1,"featured_media":0,"comment_status":"closed","ping_status":"closed","sticky":true,"template":"","format":"standard","meta":[],"categories":[2],"tags":[301,228,376],"featured_media_urls":[],"_links":{"self":[{"href":"https:\/\/domainepartagegillesberlioz.fr\/index.php\/wp-json\/wp\/v2\/posts\/2432"}],"collection":[{"href":"https:\/\/domainepartagegillesberlioz.fr\/index.php\/wp-json\/wp\/v2\/posts"}],"about":[{"href":"https:\/\/domainepartagegillesberlioz.fr\/index.php\/wp-json\/wp\/v2\/types\/post"}],"author":[{"embeddable":true,"href":"https:\/\/domainepartagegillesberlioz.fr\/index.php\/wp-json\/wp\/v2\/users\/1"}],"replies":[{"embeddable":true,"href":"https:\/\/domainepartagegillesberlioz.fr\/index.php\/wp-json\/wp\/v2\/comments?post=2432"}],"version-history":[{"count":1,"href":"https:\/\/domainepartagegillesberlioz.fr\/index.php\/wp-json\/wp\/v2\/posts\/2432\/revisions"}],"predecessor-version":[{"id":2435,"href":"https:\/\/domainepartagegillesberlioz.fr\/index.php\/wp-json\/wp\/v2\/posts\/2432\/revisions\/2435"}],"wp:attachment":[{"href":"https:\/\/domainepartagegillesberlioz.fr\/index.php\/wp-json\/wp\/v2\/media?parent=2432"}],"wp:term":[{"taxonomy":"category","embeddable":true,"href":"https:\/\/domainepartagegillesberlioz.fr\/index.php\/wp-json\/wp\/v2\/categories?post=2432"},{"taxonomy":"post_tag","embeddable":true,"href":"https:\/\/domainepartagegillesberlioz.fr\/index.php\/wp-json\/wp\/v2\/tags?post=2432"}],"curies":[{"name":"wp","href":"https:\/\/api.w.org\/{rel}","templated":true}]}}