{"id":2288,"date":"2021-08-13T04:31:42","date_gmt":"2021-08-13T03:31:42","guid":{"rendered":"http:\/\/domainepartagegillesberlioz.fr\/?p=2288"},"modified":"2021-07-28T07:08:01","modified_gmt":"2021-07-28T06:08:01","slug":"chez-les-berlioz-cest-grandiose","status":"publish","type":"post","link":"https:\/\/domainepartagegillesberlioz.fr\/index.php\/2021\/08\/13\/chez-les-berlioz-cest-grandiose\/","title":{"rendered":"Chez les Berlioz, c&rsquo;est grandiose !"},"content":{"rendered":"\n<figure class=\"wp-block-image\"><img decoding=\"async\" loading=\"lazy\" width=\"945\" height=\"945\" src=\"https:\/\/domainepartagegillesberlioz.fr\/wp-content\/uploads\/2021\/07\/DP-Gilles-Berlioz-Equipe-1.jpg\" alt=\"\" class=\"wp-image-2289\" srcset=\"https:\/\/domainepartagegillesberlioz.fr\/wp-content\/uploads\/2021\/07\/DP-Gilles-Berlioz-Equipe-1.jpg 945w, https:\/\/domainepartagegillesberlioz.fr\/wp-content\/uploads\/2021\/07\/DP-Gilles-Berlioz-Equipe-1-150x150.jpg 150w, https:\/\/domainepartagegillesberlioz.fr\/wp-content\/uploads\/2021\/07\/DP-Gilles-Berlioz-Equipe-1-300x300.jpg 300w, https:\/\/domainepartagegillesberlioz.fr\/wp-content\/uploads\/2021\/07\/DP-Gilles-Berlioz-Equipe-1-768x768.jpg 768w, https:\/\/domainepartagegillesberlioz.fr\/wp-content\/uploads\/2021\/07\/DP-Gilles-Berlioz-Equipe-1-676x676.jpg 676w\" sizes=\"(max-width: 945px) 100vw, 945px\" \/><\/figure>\n\n\n\n<p>Phrase souffl\u00e9e par un de nos amis Gueuleton, mais \u00f4 combien inspir\u00e9e.<br>Et ce n&rsquo;est pas l&rsquo;\u00e9quipe de cette saison qui va la d\u00e9mentir !<\/p>\n","protected":false},"excerpt":{"rendered":"<p>Phrase souffl\u00e9e par un de nos amis Gueuleton, mais \u00f4 combien inspir\u00e9e.Et ce n&rsquo;est pas l&rsquo;\u00e9quipe de cette saison qui va la d\u00e9mentir !<\/p>\n","protected":false},"author":1,"featured_media":0,"comment_status":"closed","ping_status":"open","sticky":true,"template":"","format":"standard","meta":[],"categories":[2],"tags":[353,351,352],"featured_media_urls":[],"_links":{"self":[{"href":"https:\/\/domainepartagegillesberlioz.fr\/index.php\/wp-json\/wp\/v2\/posts\/2288"}],"collection":[{"href":"https:\/\/domainepartagegillesberlioz.fr\/index.php\/wp-json\/wp\/v2\/posts"}],"about":[{"href":"https:\/\/domainepartagegillesberlioz.fr\/index.php\/wp-json\/wp\/v2\/types\/post"}],"author":[{"embeddable":true,"href":"https:\/\/domainepartagegillesberlioz.fr\/index.php\/wp-json\/wp\/v2\/users\/1"}],"replies":[{"embeddable":true,"href":"https:\/\/domainepartagegillesberlioz.fr\/index.php\/wp-json\/wp\/v2\/comments?post=2288"}],"version-history":[{"count":1,"href":"https:\/\/domainepartagegillesberlioz.fr\/index.php\/wp-json\/wp\/v2\/posts\/2288\/revisions"}],"predecessor-version":[{"id":2290,"href":"https:\/\/domainepartagegillesberlioz.fr\/index.php\/wp-json\/wp\/v2\/posts\/2288\/revisions\/2290"}],"wp:attachment":[{"href":"https:\/\/domainepartagegillesberlioz.fr\/index.php\/wp-json\/wp\/v2\/media?parent=2288"}],"wp:term":[{"taxonomy":"category","embeddable":true,"href":"https:\/\/domainepartagegillesberlioz.fr\/index.php\/wp-json\/wp\/v2\/categories?post=2288"},{"taxonomy":"post_tag","embeddable":true,"href":"https:\/\/domainepartagegillesberlioz.fr\/index.php\/wp-json\/wp\/v2\/tags?post=2288"}],"curies":[{"name":"wp","href":"https:\/\/api.w.org\/{rel}","templated":true}]}}