{"id":2277,"date":"2021-08-16T04:14:42","date_gmt":"2021-08-16T03:14:42","guid":{"rendered":"http:\/\/domainepartagegillesberlioz.fr\/?p=2277"},"modified":"2021-07-28T06:26:42","modified_gmt":"2021-07-28T05:26:42","slug":"apres-midi-relooking","status":"publish","type":"post","link":"https:\/\/domainepartagegillesberlioz.fr\/index.php\/2021\/08\/16\/apres-midi-relooking\/","title":{"rendered":"Apr\u00e8s-midi relooking"},"content":{"rendered":"\n<p>Par un apr\u00e8s-midi de juillet, <a href=\"https:\/\/www.facebook.com\/lesbeautesdugrenier\/\" target=\"_blank\" rel=\"noreferrer noopener\" aria-label=\" (s\u2019ouvre dans un nouvel onglet)\">Les beaut\u00e9s du Grenier<\/a> ont encore s\u00e9vi. Coco et G\u00e9 ont \u00e9t\u00e9 relook\u00e9 gr\u00e2ce aux mains magiques d&rsquo;Audrey et de Marius. Impressionnant, non ?<\/p>\n\n\n\n<ul class=\"is-layout-flex wp-block-gallery-1 wp-block-gallery columns-2 is-cropped\"><li class=\"blocks-gallery-item\"><figure><img decoding=\"async\" loading=\"lazy\" width=\"662\" height=\"756\" src=\"https:\/\/domainepartagegillesberlioz.fr\/wp-content\/uploads\/2021\/07\/DP-Gilles-Berlioz-2021-Coco.jpg\" alt=\"\" data-id=\"2280\" data-link=\"https:\/\/domainepartagegillesberlioz.fr\/?attachment_id=2280\" class=\"wp-image-2280\" srcset=\"https:\/\/domainepartagegillesberlioz.fr\/wp-content\/uploads\/2021\/07\/DP-Gilles-Berlioz-2021-Coco.jpg 662w, https:\/\/domainepartagegillesberlioz.fr\/wp-content\/uploads\/2021\/07\/DP-Gilles-Berlioz-2021-Coco-263x300.jpg 263w\" sizes=\"(max-width: 662px) 100vw, 662px\" \/><\/figure><\/li><li class=\"blocks-gallery-item\"><figure><img decoding=\"async\" loading=\"lazy\" width=\"666\" height=\"756\" src=\"https:\/\/domainepartagegillesberlioz.fr\/wp-content\/uploads\/2021\/07\/DP-Gilles-Berlioz-2021-G\u00e9.jpg\" alt=\"\" data-id=\"2281\" data-link=\"https:\/\/domainepartagegillesberlioz.fr\/?attachment_id=2281\" class=\"wp-image-2281\" srcset=\"https:\/\/domainepartagegillesberlioz.fr\/wp-content\/uploads\/2021\/07\/DP-Gilles-Berlioz-2021-G\u00e9.jpg 666w, https:\/\/domainepartagegillesberlioz.fr\/wp-content\/uploads\/2021\/07\/DP-Gilles-Berlioz-2021-G\u00e9-264x300.jpg 264w\" sizes=\"(max-width: 666px) 100vw, 666px\" \/><\/figure><\/li><\/ul>\n\n\n\n<figure class=\"wp-block-image is-resized\"><img decoding=\"async\" loading=\"lazy\" src=\"https:\/\/domainepartagegillesberlioz.fr\/wp-content\/uploads\/2021\/07\/Les-Beaut\u00e9s-du-grenier-1.jpg\" alt=\"\" class=\"wp-image-2283\" width=\"201\" height=\"201\" srcset=\"https:\/\/domainepartagegillesberlioz.fr\/wp-content\/uploads\/2021\/07\/Les-Beaut\u00e9s-du-grenier-1.jpg 378w, https:\/\/domainepartagegillesberlioz.fr\/wp-content\/uploads\/2021\/07\/Les-Beaut\u00e9s-du-grenier-1-150x150.jpg 150w, https:\/\/domainepartagegillesberlioz.fr\/wp-content\/uploads\/2021\/07\/Les-Beaut\u00e9s-du-grenier-1-300x300.jpg 300w\" sizes=\"(max-width: 201px) 100vw, 201px\" \/><\/figure>\n","protected":false},"excerpt":{"rendered":"<p>Par un apr\u00e8s-midi de juillet, Les beaut\u00e9s du Grenier ont encore s\u00e9vi. Coco et G\u00e9 ont \u00e9t\u00e9 relook\u00e9 gr\u00e2ce aux mains magiques d&rsquo;Audrey et de Marius. Impressionnant, non ?<\/p>\n","protected":false},"author":1,"featured_media":0,"comment_status":"closed","ping_status":"open","sticky":true,"template":"","format":"standard","meta":[],"categories":[2],"tags":[343,348,349],"featured_media_urls":[],"_links":{"self":[{"href":"https:\/\/domainepartagegillesberlioz.fr\/index.php\/wp-json\/wp\/v2\/posts\/2277"}],"collection":[{"href":"https:\/\/domainepartagegillesberlioz.fr\/index.php\/wp-json\/wp\/v2\/posts"}],"about":[{"href":"https:\/\/domainepartagegillesberlioz.fr\/index.php\/wp-json\/wp\/v2\/types\/post"}],"author":[{"embeddable":true,"href":"https:\/\/domainepartagegillesberlioz.fr\/index.php\/wp-json\/wp\/v2\/users\/1"}],"replies":[{"embeddable":true,"href":"https:\/\/domainepartagegillesberlioz.fr\/index.php\/wp-json\/wp\/v2\/comments?post=2277"}],"version-history":[{"count":2,"href":"https:\/\/domainepartagegillesberlioz.fr\/index.php\/wp-json\/wp\/v2\/posts\/2277\/revisions"}],"predecessor-version":[{"id":2306,"href":"https:\/\/domainepartagegillesberlioz.fr\/index.php\/wp-json\/wp\/v2\/posts\/2277\/revisions\/2306"}],"wp:attachment":[{"href":"https:\/\/domainepartagegillesberlioz.fr\/index.php\/wp-json\/wp\/v2\/media?parent=2277"}],"wp:term":[{"taxonomy":"category","embeddable":true,"href":"https:\/\/domainepartagegillesberlioz.fr\/index.php\/wp-json\/wp\/v2\/categories?post=2277"},{"taxonomy":"post_tag","embeddable":true,"href":"https:\/\/domainepartagegillesberlioz.fr\/index.php\/wp-json\/wp\/v2\/tags?post=2277"}],"curies":[{"name":"wp","href":"https:\/\/api.w.org\/{rel}","templated":true}]}}