{"id":2102,"date":"2021-05-20T04:26:42","date_gmt":"2021-05-20T03:26:42","guid":{"rendered":"http:\/\/domainepartagegillesberlioz.fr\/?p=2102"},"modified":"2021-05-18T09:32:16","modified_gmt":"2021-05-18T08:32:16","slug":"des-fleurs-a-venir","status":"publish","type":"post","link":"https:\/\/domainepartagegillesberlioz.fr\/index.php\/2021\/05\/20\/des-fleurs-a-venir\/","title":{"rendered":"Des fleurs \u00e0 venir"},"content":{"rendered":"\n<p>Au d\u00e9but du printemps, ce ne sont pas de petites grappes de raisins que vous voyez appara\u00eetre sur les rameaux de la vigne, mais des <strong>bourgeons floraux<\/strong>.<br>Dans quelques semaines, la fleur, timide, appara\u00eetra, ce qui nous donnera une id\u00e9e de la date de vendanges.<br>Cette ann\u00e9e, froid et pluie obligent, la fleur sera plus <strong>tardive <\/strong>qu&rsquo;en 2020.<\/p>\n\n\n\n<figure class=\"wp-block-image\"><img decoding=\"async\" loading=\"lazy\" width=\"756\" height=\"756\" src=\"https:\/\/domainepartagegillesberlioz.fr\/wp-content\/uploads\/2021\/05\/DP-GBerlioz-2021-bourgeons-floraux.jpg\" alt=\"\" class=\"wp-image-2104\" srcset=\"https:\/\/domainepartagegillesberlioz.fr\/wp-content\/uploads\/2021\/05\/DP-GBerlioz-2021-bourgeons-floraux.jpg 756w, https:\/\/domainepartagegillesberlioz.fr\/wp-content\/uploads\/2021\/05\/DP-GBerlioz-2021-bourgeons-floraux-150x150.jpg 150w, https:\/\/domainepartagegillesberlioz.fr\/wp-content\/uploads\/2021\/05\/DP-GBerlioz-2021-bourgeons-floraux-300x300.jpg 300w, https:\/\/domainepartagegillesberlioz.fr\/wp-content\/uploads\/2021\/05\/DP-GBerlioz-2021-bourgeons-floraux-676x676.jpg 676w\" sizes=\"(max-width: 756px) 100vw, 756px\" \/><figcaption>Eclatante fleur de Grande mauve (Malva sylvestris) et bourgeons floraux de vigne <\/figcaption><\/figure>\n","protected":false},"excerpt":{"rendered":"<p>Au d\u00e9but du printemps, ce ne sont pas de petites grappes de raisins que vous voyez appara\u00eetre sur les rameaux de la vigne, mais des bourgeons floraux.Dans quelques semaines, la fleur, timide, appara\u00eetra, ce qui nous donnera une id\u00e9e de la date de vendanges.Cette ann\u00e9e, froid et pluie obligent, la fleur sera plus tardive qu&rsquo;en &hellip; <\/p>\n<p class=\"link-more\"><a href=\"https:\/\/domainepartagegillesberlioz.fr\/index.php\/2021\/05\/20\/des-fleurs-a-venir\/\" class=\"more-link\">Lire la suite de<span class=\"screen-reader-text\">\u00ab\u00a0Des fleurs \u00e0 venir\u00a0\u00bb<\/span><\/a><\/p>\n","protected":false},"author":1,"featured_media":0,"comment_status":"closed","ping_status":"open","sticky":true,"template":"","format":"standard","meta":[],"categories":[2],"tags":[319],"featured_media_urls":[],"_links":{"self":[{"href":"https:\/\/domainepartagegillesberlioz.fr\/index.php\/wp-json\/wp\/v2\/posts\/2102"}],"collection":[{"href":"https:\/\/domainepartagegillesberlioz.fr\/index.php\/wp-json\/wp\/v2\/posts"}],"about":[{"href":"https:\/\/domainepartagegillesberlioz.fr\/index.php\/wp-json\/wp\/v2\/types\/post"}],"author":[{"embeddable":true,"href":"https:\/\/domainepartagegillesberlioz.fr\/index.php\/wp-json\/wp\/v2\/users\/1"}],"replies":[{"embeddable":true,"href":"https:\/\/domainepartagegillesberlioz.fr\/index.php\/wp-json\/wp\/v2\/comments?post=2102"}],"version-history":[{"count":2,"href":"https:\/\/domainepartagegillesberlioz.fr\/index.php\/wp-json\/wp\/v2\/posts\/2102\/revisions"}],"predecessor-version":[{"id":2137,"href":"https:\/\/domainepartagegillesberlioz.fr\/index.php\/wp-json\/wp\/v2\/posts\/2102\/revisions\/2137"}],"wp:attachment":[{"href":"https:\/\/domainepartagegillesberlioz.fr\/index.php\/wp-json\/wp\/v2\/media?parent=2102"}],"wp:term":[{"taxonomy":"category","embeddable":true,"href":"https:\/\/domainepartagegillesberlioz.fr\/index.php\/wp-json\/wp\/v2\/categories?post=2102"},{"taxonomy":"post_tag","embeddable":true,"href":"https:\/\/domainepartagegillesberlioz.fr\/index.php\/wp-json\/wp\/v2\/tags?post=2102"}],"curies":[{"name":"wp","href":"https:\/\/api.w.org\/{rel}","templated":true}]}}