{"id":2061,"date":"2021-05-16T09:03:37","date_gmt":"2021-05-16T08:03:37","guid":{"rendered":"http:\/\/domainepartagegillesberlioz.fr\/?p=2061"},"modified":"2021-05-11T09:13:15","modified_gmt":"2021-05-11T08:13:15","slug":"impressions-artistiques","status":"publish","type":"post","link":"https:\/\/domainepartagegillesberlioz.fr\/index.php\/2021\/05\/16\/impressions-artistiques\/","title":{"rendered":"Impressions artistiques"},"content":{"rendered":"\n<figure class=\"wp-block-image\"><img decoding=\"async\" loading=\"lazy\" width=\"958\" height=\"694\" src=\"https:\/\/domainepartagegillesberlioz.fr\/wp-content\/uploads\/2021\/04\/DP-GBerlioz-etigraph.jpg\" alt=\"\" class=\"wp-image-2062\" srcset=\"https:\/\/domainepartagegillesberlioz.fr\/wp-content\/uploads\/2021\/04\/DP-GBerlioz-etigraph.jpg 958w, https:\/\/domainepartagegillesberlioz.fr\/wp-content\/uploads\/2021\/04\/DP-GBerlioz-etigraph-300x217.jpg 300w, https:\/\/domainepartagegillesberlioz.fr\/wp-content\/uploads\/2021\/04\/DP-GBerlioz-etigraph-768x556.jpg 768w, https:\/\/domainepartagegillesberlioz.fr\/wp-content\/uploads\/2021\/04\/DP-GBerlioz-etigraph-676x490.jpg 676w\" sizes=\"(max-width: 958px) 100vw, 958px\" \/><figcaption><strong>Geoffroy <\/strong>et <strong>Fred<\/strong> en plein travail pour Cricri et Bibi (graphisme r\u00e9alis\u00e9 par <strong>Michel Tolme<\/strong>r)<\/figcaption><\/figure>\n\n\n\n<p>Comme chaque ann\u00e9e, nous confions l&rsquo;<strong>impression <\/strong>de nos <strong>\u00e9tiquettes <\/strong>\u00e0 <strong>Etigraph <\/strong>(Drumettaz-Clarafond).<br>Nous faisons confiance aux <strong>savoir-faire<\/strong> et <strong>professionnalisme <\/strong>de l&rsquo;\u00e9quipe pour traduire avec art notre go\u00fbt du beau&#8230; et du bon ; et pour valoriser le travail des <strong>artistes <\/strong>qui ont cr\u00e9\u00e9 le graphisme des \u00e9tiquettes.<br>Graphisme parfois, choix du papier, des couleurs, r\u00e9glages des machines, que de <strong>m\u00e9tiers<\/strong>&#8230; et de patience pour nous satisfaire ! <br> <br><strong>Un grand merci \u00e0 toute l&rsquo;\u00e9quipe.  <\/strong><\/p>\n\n\n\n<p class=\"has-small-font-size\">+ d&rsquo;infos :<a href=\"https:\/\/www.etigraph.fr\"> https:\/\/www.etigraph.fr<\/a> <\/p>\n\n\n\n<figure class=\"wp-block-image\"><img decoding=\"async\" loading=\"lazy\" width=\"1024\" height=\"1024\" src=\"https:\/\/domainepartagegillesberlioz.fr\/wp-content\/uploads\/2021\/04\/DP-GBERLIOZ-filles-fripons.jpg\" alt=\"\" class=\"wp-image-2064\" srcset=\"https:\/\/domainepartagegillesberlioz.fr\/wp-content\/uploads\/2021\/04\/DP-GBERLIOZ-filles-fripons.jpg 1024w, https:\/\/domainepartagegillesberlioz.fr\/wp-content\/uploads\/2021\/04\/DP-GBERLIOZ-filles-fripons-150x150.jpg 150w, https:\/\/domainepartagegillesberlioz.fr\/wp-content\/uploads\/2021\/04\/DP-GBERLIOZ-filles-fripons-300x300.jpg 300w, https:\/\/domainepartagegillesberlioz.fr\/wp-content\/uploads\/2021\/04\/DP-GBERLIOZ-filles-fripons-768x768.jpg 768w, https:\/\/domainepartagegillesberlioz.fr\/wp-content\/uploads\/2021\/04\/DP-GBERLIOZ-filles-fripons-676x676.jpg 676w\" sizes=\"(max-width: 1024px) 100vw, 1024px\" \/><figcaption>Impression des Filles et des Fripons<br>(photographies des \u00e9tiquettes par <strong>Visentin photographie<\/strong>)<\/figcaption><\/figure>\n","protected":false},"excerpt":{"rendered":"<p>Comme chaque ann\u00e9e, nous confions l&rsquo;impression de nos \u00e9tiquettes \u00e0 Etigraph (Drumettaz-Clarafond).Nous faisons confiance aux savoir-faire et professionnalisme de l&rsquo;\u00e9quipe pour traduire avec art notre go\u00fbt du beau&#8230; et du bon ; et pour valoriser le travail des artistes qui ont cr\u00e9\u00e9 le graphisme des \u00e9tiquettes.Graphisme parfois, choix du papier, des couleurs, r\u00e9glages des machines, &hellip; <\/p>\n<p class=\"link-more\"><a href=\"https:\/\/domainepartagegillesberlioz.fr\/index.php\/2021\/05\/16\/impressions-artistiques\/\" class=\"more-link\">Lire la suite de<span class=\"screen-reader-text\">\u00ab\u00a0Impressions artistiques\u00a0\u00bb<\/span><\/a><\/p>\n","protected":false},"author":1,"featured_media":0,"comment_status":"closed","ping_status":"open","sticky":true,"template":"","format":"standard","meta":[],"categories":[2],"tags":[301,306,138,143,308,139,160,307],"featured_media_urls":[],"_links":{"self":[{"href":"https:\/\/domainepartagegillesberlioz.fr\/index.php\/wp-json\/wp\/v2\/posts\/2061"}],"collection":[{"href":"https:\/\/domainepartagegillesberlioz.fr\/index.php\/wp-json\/wp\/v2\/posts"}],"about":[{"href":"https:\/\/domainepartagegillesberlioz.fr\/index.php\/wp-json\/wp\/v2\/types\/post"}],"author":[{"embeddable":true,"href":"https:\/\/domainepartagegillesberlioz.fr\/index.php\/wp-json\/wp\/v2\/users\/1"}],"replies":[{"embeddable":true,"href":"https:\/\/domainepartagegillesberlioz.fr\/index.php\/wp-json\/wp\/v2\/comments?post=2061"}],"version-history":[{"count":3,"href":"https:\/\/domainepartagegillesberlioz.fr\/index.php\/wp-json\/wp\/v2\/posts\/2061\/revisions"}],"predecessor-version":[{"id":2082,"href":"https:\/\/domainepartagegillesberlioz.fr\/index.php\/wp-json\/wp\/v2\/posts\/2061\/revisions\/2082"}],"wp:attachment":[{"href":"https:\/\/domainepartagegillesberlioz.fr\/index.php\/wp-json\/wp\/v2\/media?parent=2061"}],"wp:term":[{"taxonomy":"category","embeddable":true,"href":"https:\/\/domainepartagegillesberlioz.fr\/index.php\/wp-json\/wp\/v2\/categories?post=2061"},{"taxonomy":"post_tag","embeddable":true,"href":"https:\/\/domainepartagegillesberlioz.fr\/index.php\/wp-json\/wp\/v2\/tags?post=2061"}],"curies":[{"name":"wp","href":"https:\/\/api.w.org\/{rel}","templated":true}]}}