{"id":2040,"date":"2021-04-23T05:20:22","date_gmt":"2021-04-23T04:20:22","guid":{"rendered":"http:\/\/domainepartagegillesberlioz.fr\/?p=2040"},"modified":"2021-04-22T20:33:49","modified_gmt":"2021-04-22T19:33:49","slug":"cricri-et-bibi-les-2-nouvelles-cuvees","status":"publish","type":"post","link":"https:\/\/domainepartagegillesberlioz.fr\/index.php\/2021\/04\/23\/cricri-et-bibi-les-2-nouvelles-cuvees\/","title":{"rendered":"Cricri et Bibi, les 2 nouvelles cuv\u00e9es"},"content":{"rendered":"\n<ul class=\"is-layout-flex wp-block-gallery-1 wp-block-gallery columns-2 is-cropped\"><li class=\"blocks-gallery-item\"><figure><img decoding=\"async\" loading=\"lazy\" width=\"302\" height=\"312\" src=\"https:\/\/domainepartagegillesberlioz.fr\/wp-content\/uploads\/2021\/04\/Cricri-BD.png\" alt=\"\" data-id=\"2028\" data-link=\"https:\/\/domainepartagegillesberlioz.fr\/index.php\/nos-cuvees\/cricri-bd\/\" class=\"wp-image-2028\" srcset=\"https:\/\/domainepartagegillesberlioz.fr\/wp-content\/uploads\/2021\/04\/Cricri-BD.png 302w, https:\/\/domainepartagegillesberlioz.fr\/wp-content\/uploads\/2021\/04\/Cricri-BD-290x300.png 290w\" sizes=\"(max-width: 302px) 100vw, 302px\" \/><\/figure><\/li><li class=\"blocks-gallery-item\"><figure><img decoding=\"async\" loading=\"lazy\" width=\"302\" height=\"307\" src=\"https:\/\/domainepartagegillesberlioz.fr\/wp-content\/uploads\/2021\/04\/Bibi-BD.png\" alt=\"\" data-id=\"2027\" data-link=\"https:\/\/domainepartagegillesberlioz.fr\/index.php\/nos-cuvees\/bibi-bd\/\" class=\"wp-image-2027\" srcset=\"https:\/\/domainepartagegillesberlioz.fr\/wp-content\/uploads\/2021\/04\/Bibi-BD.png 302w, https:\/\/domainepartagegillesberlioz.fr\/wp-content\/uploads\/2021\/04\/Bibi-BD-295x300.png 295w\" sizes=\"(max-width: 302px) 100vw, 302px\" \/><\/figure><\/li><\/ul>\n\n\n\n<p>Nouvelles parcelles, nouveaux vins.<br>Et (presque) comme dans la chanson d&rsquo;Yves Jamait,<br>l&rsquo;un est <strong>blanc <\/strong>(Jacqu\u00e8re) et l&rsquo;autre <strong>rouge <\/strong>(Gamay Mondeuse).<\/p>\n\n\n\n<p><strong>Cricri<\/strong> et <strong>Bibi<\/strong>, des vins <strong>simples<\/strong>, <strong>g\u00e9n\u00e9reux <\/strong>et <strong>lumineux<\/strong>,<br>\u00e0 l&rsquo;image du propri\u00e9taire des parcelles (Fabien), et des deux artistes du vin (que vous aurez reconnu). <\/p>\n\n\n\n<p><strong>Michel Tolmer<\/strong> les a croqu\u00e9s, avec son talent habituel. Merci \u00e0 lui !<\/p>\n\n\n\n<p class=\"has-small-font-size\"><em>Chanson \u00e0 laquelle il est fait allusion \u00ab\u00a0les deux amants\u00a0\u00bb : <\/em><a href=\"https:\/\/www.youtube.com\/watch?v=CCseVzSRCA0\"><em>https:\/\/www.youtube.com\/watch?v=CCseVzSRCA0<\/em><\/a><em> <\/em><br><em>et que j&rsquo;aime beaucoup \u00ab\u00a0et je bois !\u00a0\u00bb<\/em> <a href=\"https:\/\/www.youtube.com\/watch?v=VvHobwsZHBw\">https:\/\/www.youtube.com\/watch?v=VvHobwsZHBw <\/a><br><\/p>\n\n\n\n<p class=\"has-small-font-size\"><em>Pour d\u00e9couvrir le travail de Michel Tolmer : <\/em><a href=\"https:\/\/www.glougueule.fr\/categorie\/michel-tolmer\/\"><em>https:\/\/www.glougueule.fr\/categorie\/michel-tolmer\/<\/em><\/a><br><\/p>\n","protected":false},"excerpt":{"rendered":"<p>Nouvelles parcelles, nouveaux vins.Et (presque) comme dans la chanson d&rsquo;Yves Jamait,l&rsquo;un est blanc (Jacqu\u00e8re) et l&rsquo;autre rouge (Gamay Mondeuse). Cricri et Bibi, des vins simples, g\u00e9n\u00e9reux et lumineux,\u00e0 l&rsquo;image du propri\u00e9taire des parcelles (Fabien), et des deux artistes du vin (que vous aurez reconnu). Michel Tolmer les a croqu\u00e9s, avec son talent habituel. Merci \u00e0 &hellip; <\/p>\n<p class=\"link-more\"><a href=\"https:\/\/domainepartagegillesberlioz.fr\/index.php\/2021\/04\/23\/cricri-et-bibi-les-2-nouvelles-cuvees\/\" class=\"more-link\">Lire la suite de<span class=\"screen-reader-text\">\u00ab\u00a0Cricri et Bibi, les 2 nouvelles cuv\u00e9es\u00a0\u00bb<\/span><\/a><\/p>\n","protected":false},"author":1,"featured_media":0,"comment_status":"closed","ping_status":"open","sticky":true,"template":"","format":"standard","meta":[],"categories":[2],"tags":[301,303,300,166,302],"featured_media_urls":[],"_links":{"self":[{"href":"https:\/\/domainepartagegillesberlioz.fr\/index.php\/wp-json\/wp\/v2\/posts\/2040"}],"collection":[{"href":"https:\/\/domainepartagegillesberlioz.fr\/index.php\/wp-json\/wp\/v2\/posts"}],"about":[{"href":"https:\/\/domainepartagegillesberlioz.fr\/index.php\/wp-json\/wp\/v2\/types\/post"}],"author":[{"embeddable":true,"href":"https:\/\/domainepartagegillesberlioz.fr\/index.php\/wp-json\/wp\/v2\/users\/1"}],"replies":[{"embeddable":true,"href":"https:\/\/domainepartagegillesberlioz.fr\/index.php\/wp-json\/wp\/v2\/comments?post=2040"}],"version-history":[{"count":4,"href":"https:\/\/domainepartagegillesberlioz.fr\/index.php\/wp-json\/wp\/v2\/posts\/2040\/revisions"}],"predecessor-version":[{"id":2045,"href":"https:\/\/domainepartagegillesberlioz.fr\/index.php\/wp-json\/wp\/v2\/posts\/2040\/revisions\/2045"}],"wp:attachment":[{"href":"https:\/\/domainepartagegillesberlioz.fr\/index.php\/wp-json\/wp\/v2\/media?parent=2040"}],"wp:term":[{"taxonomy":"category","embeddable":true,"href":"https:\/\/domainepartagegillesberlioz.fr\/index.php\/wp-json\/wp\/v2\/categories?post=2040"},{"taxonomy":"post_tag","embeddable":true,"href":"https:\/\/domainepartagegillesberlioz.fr\/index.php\/wp-json\/wp\/v2\/tags?post=2040"}],"curies":[{"name":"wp","href":"https:\/\/api.w.org\/{rel}","templated":true}]}}