{"id":2024,"date":"2021-04-09T13:27:25","date_gmt":"2021-04-09T12:27:25","guid":{"rendered":"http:\/\/domainepartagegillesberlioz.fr\/?p=2024"},"modified":"2021-04-09T13:53:38","modified_gmt":"2021-04-09T12:53:38","slug":"de-la-valeriane-pour-la-gelee","status":"publish","type":"post","link":"https:\/\/domainepartagegillesberlioz.fr\/index.php\/2021\/04\/09\/de-la-valeriane-pour-la-gelee\/","title":{"rendered":"De la val\u00e9riane pour la gel\u00e9e"},"content":{"rendered":"\n<p>Premi\u00e8re semaine d&rsquo;avril, de fortes <strong>gel\u00e9es <\/strong>sont annonc\u00e9es.<br>Ca urge ! Il faut prendre soin de nos vignes!<\/p>\n\n\n\n<p>En fervents partisans des soins par les plantes, Gilles &#8211; aid\u00e9 de Christine et Camille &#8211; et le Domaine Pascal Quenard ont pulv\u00e9ris\u00e9 de la val\u00e9riane&#8230; Comme dit Gilles, <em>on ne sait pas comment \u00e7a agit, mais au moins on aura tout entrepris et mis l&rsquo;intention pour que cela se passe bien !<\/em><\/p>\n\n\n\n<p>Et bien, apr\u00e8s un premier tour des vignes jeudi en fin d&rsquo;apr\u00e8s-midi puis vendredi matin, il appara\u00eet que tr\u00e8s peu de bourgeons sont touch\u00e9s.<\/p>\n\n\n\n<p>Nous pensons bien \u00e0 tous ceux qui n&rsquo;ont pas eu notre chance.<\/p>\n\n\n\n<figure class=\"wp-block-image\"><img decoding=\"async\" loading=\"lazy\" width=\"1024\" height=\"1024\" src=\"https:\/\/domainepartagegillesberlioz.fr\/wp-content\/uploads\/2021\/04\/DP-Gberlioz-Val\u00e9riane.jpg\" alt=\"\" class=\"wp-image-2031\" srcset=\"https:\/\/domainepartagegillesberlioz.fr\/wp-content\/uploads\/2021\/04\/DP-Gberlioz-Val\u00e9riane.jpg 1024w, https:\/\/domainepartagegillesberlioz.fr\/wp-content\/uploads\/2021\/04\/DP-Gberlioz-Val\u00e9riane-150x150.jpg 150w, https:\/\/domainepartagegillesberlioz.fr\/wp-content\/uploads\/2021\/04\/DP-Gberlioz-Val\u00e9riane-300x300.jpg 300w, https:\/\/domainepartagegillesberlioz.fr\/wp-content\/uploads\/2021\/04\/DP-Gberlioz-Val\u00e9riane-768x768.jpg 768w, https:\/\/domainepartagegillesberlioz.fr\/wp-content\/uploads\/2021\/04\/DP-Gberlioz-Val\u00e9riane-676x676.jpg 676w\" sizes=\"(max-width: 1024px) 100vw, 1024px\" \/><\/figure>\n","protected":false},"excerpt":{"rendered":"<p>Premi\u00e8re semaine d&rsquo;avril, de fortes gel\u00e9es sont annonc\u00e9es.Ca urge ! Il faut prendre soin de nos vignes! En fervents partisans des soins par les plantes, Gilles &#8211; aid\u00e9 de Christine et Camille &#8211; et le Domaine Pascal Quenard ont pulv\u00e9ris\u00e9 de la val\u00e9riane&#8230; Comme dit Gilles, on ne sait pas comment \u00e7a agit, mais au &hellip; <\/p>\n<p class=\"link-more\"><a href=\"https:\/\/domainepartagegillesberlioz.fr\/index.php\/2021\/04\/09\/de-la-valeriane-pour-la-gelee\/\" class=\"more-link\">Lire la suite de<span class=\"screen-reader-text\">\u00ab\u00a0De la val\u00e9riane pour la gel\u00e9e\u00a0\u00bb<\/span><\/a><\/p>\n","protected":false},"author":1,"featured_media":0,"comment_status":"closed","ping_status":"open","sticky":true,"template":"","format":"standard","meta":[],"categories":[2],"tags":[30,295,297,296,74],"featured_media_urls":[],"_links":{"self":[{"href":"https:\/\/domainepartagegillesberlioz.fr\/index.php\/wp-json\/wp\/v2\/posts\/2024"}],"collection":[{"href":"https:\/\/domainepartagegillesberlioz.fr\/index.php\/wp-json\/wp\/v2\/posts"}],"about":[{"href":"https:\/\/domainepartagegillesberlioz.fr\/index.php\/wp-json\/wp\/v2\/types\/post"}],"author":[{"embeddable":true,"href":"https:\/\/domainepartagegillesberlioz.fr\/index.php\/wp-json\/wp\/v2\/users\/1"}],"replies":[{"embeddable":true,"href":"https:\/\/domainepartagegillesberlioz.fr\/index.php\/wp-json\/wp\/v2\/comments?post=2024"}],"version-history":[{"count":3,"href":"https:\/\/domainepartagegillesberlioz.fr\/index.php\/wp-json\/wp\/v2\/posts\/2024\/revisions"}],"predecessor-version":[{"id":2032,"href":"https:\/\/domainepartagegillesberlioz.fr\/index.php\/wp-json\/wp\/v2\/posts\/2024\/revisions\/2032"}],"wp:attachment":[{"href":"https:\/\/domainepartagegillesberlioz.fr\/index.php\/wp-json\/wp\/v2\/media?parent=2024"}],"wp:term":[{"taxonomy":"category","embeddable":true,"href":"https:\/\/domainepartagegillesberlioz.fr\/index.php\/wp-json\/wp\/v2\/categories?post=2024"},{"taxonomy":"post_tag","embeddable":true,"href":"https:\/\/domainepartagegillesberlioz.fr\/index.php\/wp-json\/wp\/v2\/tags?post=2024"}],"curies":[{"name":"wp","href":"https:\/\/api.w.org\/{rel}","templated":true}]}}