{"id":1793,"date":"2021-02-09T06:00:44","date_gmt":"2021-02-09T05:00:44","guid":{"rendered":"http:\/\/domainepartagegillesberlioz.fr\/?p=1793"},"modified":"2021-02-02T09:31:13","modified_gmt":"2021-02-02T08:31:13","slug":"30-ans-de-soutien","status":"publish","type":"post","link":"https:\/\/domainepartagegillesberlioz.fr\/index.php\/2021\/02\/09\/30-ans-de-soutien\/","title":{"rendered":"30 Ans de soutien!!!!"},"content":{"rendered":"\n<p>Olivier est notre \u0153nologue de nos premiers pas de vigneron \u00e0 aujourd&rsquo;hui.<\/p>\n\n\n\n<p>Entour\u00e9 de sa tr\u00e8s belle \u00e9quipe (\u0153nologues,filtreurs,embouteilleurs,secr\u00e9taires) et de son \u00e9coute attentive, Olivier n&rsquo;a cess\u00e9 de s&rsquo;adapter \u00e0 la philosophie du Domaine.<\/p>\n\n\n\n<p>A Oenoconseil \/ Oenoservice, le sourire, la rigueur et le professionnalisme sont le ferment de cette jolie entreprise familiale.<\/p>\n\n\n\n<p>Merci Olivier pour ton soutien. Merci \u00e0 ton \u00e9quipe pour sa bonne humeur.<\/p>\n\n\n\n<div class=\"wp-block-image\"><figure class=\"alignleft is-resized\"><img decoding=\"async\" loading=\"lazy\" src=\"https:\/\/domainepartagegillesberlioz.fr\/wp-content\/uploads\/2021\/02\/olivier-BD-1.jpg\" alt=\"\" class=\"wp-image-1795\" width=\"444\" height=\"444\" srcset=\"https:\/\/domainepartagegillesberlioz.fr\/wp-content\/uploads\/2021\/02\/olivier-BD-1.jpg 1024w, https:\/\/domainepartagegillesberlioz.fr\/wp-content\/uploads\/2021\/02\/olivier-BD-1-150x150.jpg 150w, https:\/\/domainepartagegillesberlioz.fr\/wp-content\/uploads\/2021\/02\/olivier-BD-1-300x300.jpg 300w, https:\/\/domainepartagegillesberlioz.fr\/wp-content\/uploads\/2021\/02\/olivier-BD-1-768x768.jpg 768w, https:\/\/domainepartagegillesberlioz.fr\/wp-content\/uploads\/2021\/02\/olivier-BD-1-676x676.jpg 676w\" sizes=\"(max-width: 444px) 100vw, 444px\" \/><figcaption>Olivier et Gilles \u00e0 la cave<\/figcaption><\/figure><\/div>\n","protected":false},"excerpt":{"rendered":"<p>Olivier est notre \u0153nologue de nos premiers pas de vigneron \u00e0 aujourd&rsquo;hui. Entour\u00e9 de sa tr\u00e8s belle \u00e9quipe (\u0153nologues,filtreurs,embouteilleurs,secr\u00e9taires) et de son \u00e9coute attentive, Olivier n&rsquo;a cess\u00e9 de s&rsquo;adapter \u00e0 la philosophie du Domaine. A Oenoconseil \/ Oenoservice, le sourire, la rigueur et le professionnalisme sont le ferment de cette jolie entreprise familiale. Merci Olivier &hellip; <\/p>\n<p class=\"link-more\"><a href=\"https:\/\/domainepartagegillesberlioz.fr\/index.php\/2021\/02\/09\/30-ans-de-soutien\/\" class=\"more-link\">Lire la suite de<span class=\"screen-reader-text\">\u00ab\u00a030 Ans de soutien!!!!\u00a0\u00bb<\/span><\/a><\/p>\n","protected":false},"author":1,"featured_media":0,"comment_status":"closed","ping_status":"open","sticky":true,"template":"","format":"standard","meta":[],"categories":[2],"tags":[274],"featured_media_urls":[],"_links":{"self":[{"href":"https:\/\/domainepartagegillesberlioz.fr\/index.php\/wp-json\/wp\/v2\/posts\/1793"}],"collection":[{"href":"https:\/\/domainepartagegillesberlioz.fr\/index.php\/wp-json\/wp\/v2\/posts"}],"about":[{"href":"https:\/\/domainepartagegillesberlioz.fr\/index.php\/wp-json\/wp\/v2\/types\/post"}],"author":[{"embeddable":true,"href":"https:\/\/domainepartagegillesberlioz.fr\/index.php\/wp-json\/wp\/v2\/users\/1"}],"replies":[{"embeddable":true,"href":"https:\/\/domainepartagegillesberlioz.fr\/index.php\/wp-json\/wp\/v2\/comments?post=1793"}],"version-history":[{"count":4,"href":"https:\/\/domainepartagegillesberlioz.fr\/index.php\/wp-json\/wp\/v2\/posts\/1793\/revisions"}],"predecessor-version":[{"id":1812,"href":"https:\/\/domainepartagegillesberlioz.fr\/index.php\/wp-json\/wp\/v2\/posts\/1793\/revisions\/1812"}],"wp:attachment":[{"href":"https:\/\/domainepartagegillesberlioz.fr\/index.php\/wp-json\/wp\/v2\/media?parent=1793"}],"wp:term":[{"taxonomy":"category","embeddable":true,"href":"https:\/\/domainepartagegillesberlioz.fr\/index.php\/wp-json\/wp\/v2\/categories?post=1793"},{"taxonomy":"post_tag","embeddable":true,"href":"https:\/\/domainepartagegillesberlioz.fr\/index.php\/wp-json\/wp\/v2\/tags?post=1793"}],"curies":[{"name":"wp","href":"https:\/\/api.w.org\/{rel}","templated":true}]}}