{"id":1759,"date":"2020-12-24T06:00:28","date_gmt":"2020-12-24T05:00:28","guid":{"rendered":"http:\/\/domainepartagegillesberlioz.fr\/?p=1759"},"modified":"2020-12-23T20:06:44","modified_gmt":"2020-12-23T19:06:44","slug":"noel-une-occasion-de-se-retrouver","status":"publish","type":"post","link":"https:\/\/domainepartagegillesberlioz.fr\/index.php\/2020\/12\/24\/noel-une-occasion-de-se-retrouver\/","title":{"rendered":"No\u00ebl, une occasion de se retrouver !"},"content":{"rendered":"\n<p>Dimanche 20 d\u00e9cembre, Christine et Gilles nous ont fait le bonheur de nous rassembler (avec les pr\u00e9cautions en vigueur !) pour f\u00eater cette fin d&rsquo;ann\u00e9e. Ann\u00e9e riche en \u00e9motions et en plaisirs partag\u00e9s.<\/p>\n\n\n\n<p>Nous, ce sont les filles de l&rsquo;\u00e9quipe du printemps et des vendanges (Audrey, notre reine Coco, Naoul et G\u00e9), les gars qui ont aussi donn\u00e9 la main (Fabien et Simon) et Jean-Emile. En revanche, ni P\u00e9pette la fugueuse ni TT, toutes deux parties !<\/p>\n\n\n\n<p>Toute l&rsquo;\u00e9quipe en profite pour vous souhaiter de tout notre coeur de <strong>bonnes f\u00eates&#8230;.<\/strong><\/p>\n\n\n\n<figure class=\"wp-block-image\"><img decoding=\"async\" loading=\"lazy\" width=\"576\" height=\"576\" src=\"https:\/\/domainepartagegillesberlioz.fr\/wp-content\/uploads\/2020\/12\/DP-GBerlioz-No\u00ebl.jpg\" alt=\"No\u00ebl avant l'heure au Domaine partag\u00e9 Gilles Berlioz\" class=\"wp-image-1760\" srcset=\"https:\/\/domainepartagegillesberlioz.fr\/wp-content\/uploads\/2020\/12\/DP-GBerlioz-No\u00ebl.jpg 576w, https:\/\/domainepartagegillesberlioz.fr\/wp-content\/uploads\/2020\/12\/DP-GBerlioz-No\u00ebl-150x150.jpg 150w, https:\/\/domainepartagegillesberlioz.fr\/wp-content\/uploads\/2020\/12\/DP-GBerlioz-No\u00ebl-300x300.jpg 300w\" sizes=\"(max-width: 576px) 100vw, 576px\" \/><figcaption>Au programme, couscous, bugnes, vins, rhum, tarot ou rumikub&#8230;<\/figcaption><\/figure>\n","protected":false},"excerpt":{"rendered":"<p>Dimanche 20 d\u00e9cembre, Christine et Gilles nous ont fait le bonheur de nous rassembler (avec les pr\u00e9cautions en vigueur !) pour f\u00eater cette fin d&rsquo;ann\u00e9e. Ann\u00e9e riche en \u00e9motions et en plaisirs partag\u00e9s. Nous, ce sont les filles de l&rsquo;\u00e9quipe du printemps et des vendanges (Audrey, notre reine Coco, Naoul et G\u00e9), les gars qui &hellip; <\/p>\n<p class=\"link-more\"><a href=\"https:\/\/domainepartagegillesberlioz.fr\/index.php\/2020\/12\/24\/noel-une-occasion-de-se-retrouver\/\" class=\"more-link\">Lire la suite de<span class=\"screen-reader-text\">\u00ab\u00a0No\u00ebl, une occasion de se retrouver !\u00a0\u00bb<\/span><\/a><\/p>\n","protected":false},"author":1,"featured_media":0,"comment_status":"closed","ping_status":"open","sticky":true,"template":"","format":"standard","meta":[],"categories":[2],"tags":[264,260,258],"featured_media_urls":[],"_links":{"self":[{"href":"https:\/\/domainepartagegillesberlioz.fr\/index.php\/wp-json\/wp\/v2\/posts\/1759"}],"collection":[{"href":"https:\/\/domainepartagegillesberlioz.fr\/index.php\/wp-json\/wp\/v2\/posts"}],"about":[{"href":"https:\/\/domainepartagegillesberlioz.fr\/index.php\/wp-json\/wp\/v2\/types\/post"}],"author":[{"embeddable":true,"href":"https:\/\/domainepartagegillesberlioz.fr\/index.php\/wp-json\/wp\/v2\/users\/1"}],"replies":[{"embeddable":true,"href":"https:\/\/domainepartagegillesberlioz.fr\/index.php\/wp-json\/wp\/v2\/comments?post=1759"}],"version-history":[{"count":1,"href":"https:\/\/domainepartagegillesberlioz.fr\/index.php\/wp-json\/wp\/v2\/posts\/1759\/revisions"}],"predecessor-version":[{"id":1761,"href":"https:\/\/domainepartagegillesberlioz.fr\/index.php\/wp-json\/wp\/v2\/posts\/1759\/revisions\/1761"}],"wp:attachment":[{"href":"https:\/\/domainepartagegillesberlioz.fr\/index.php\/wp-json\/wp\/v2\/media?parent=1759"}],"wp:term":[{"taxonomy":"category","embeddable":true,"href":"https:\/\/domainepartagegillesberlioz.fr\/index.php\/wp-json\/wp\/v2\/categories?post=1759"},{"taxonomy":"post_tag","embeddable":true,"href":"https:\/\/domainepartagegillesberlioz.fr\/index.php\/wp-json\/wp\/v2\/tags?post=1759"}],"curies":[{"name":"wp","href":"https:\/\/api.w.org\/{rel}","templated":true}]}}