{"id":1718,"date":"2020-10-25T08:43:38","date_gmt":"2020-10-25T07:43:38","guid":{"rendered":"http:\/\/domainepartagegillesberlioz.fr\/?p=1718"},"modified":"2020-11-22T17:33:29","modified_gmt":"2020-11-22T16:33:29","slug":"bon-anni-coco","status":"publish","type":"post","link":"https:\/\/domainepartagegillesberlioz.fr\/index.php\/2020\/10\/25\/bon-anni-coco\/","title":{"rendered":"Bon anni Coco"},"content":{"rendered":"\n<div class=\"wp-block-media-text alignwide\" style=\"grid-template-columns:60% auto\"><figure class=\"wp-block-media-text__media\"><img decoding=\"async\" loading=\"lazy\" width=\"853\" height=\"907\" src=\"https:\/\/domainepartagegillesberlioz.fr\/wp-content\/uploads\/2020\/10\/Coco-2.jpg\" alt=\"\" class=\"wp-image-1720\" srcset=\"https:\/\/domainepartagegillesberlioz.fr\/wp-content\/uploads\/2020\/10\/Coco-2.jpg 853w, https:\/\/domainepartagegillesberlioz.fr\/wp-content\/uploads\/2020\/10\/Coco-2-282x300.jpg 282w, https:\/\/domainepartagegillesberlioz.fr\/wp-content\/uploads\/2020\/10\/Coco-2-768x817.jpg 768w, https:\/\/domainepartagegillesberlioz.fr\/wp-content\/uploads\/2020\/10\/Coco-2-676x719.jpg 676w\" sizes=\"(max-width: 853px) 100vw, 853px\" \/><\/figure><div class=\"wp-block-media-text__content\">\n<p>Woofeuse l&rsquo;ann\u00e9e derni\u00e8re au Domaine, Coco s&rsquo;est attach\u00e9e \u00e0 Chignin ! <\/p>\n\n\n\n<p>\nEx-salari\u00e9e dans une grand entreprise, elle est devenue nomade et \nsillonne le monde et la France en mettant sa bonne humeur et son \u00e9nergie\n au service des uns et des autres. Pourvu que cela ait du sens pour \nelle.\n\n<\/p>\n<\/div><\/div>\n\n\n\n<p>Polyvalente, elle peut travailler la terre, vendanger mais aussi participer \u00e0 l&rsquo;intendance et \u00e0 l&rsquo;administratif (merci pour t&rsquo;\u00eatre d\u00e9patouill\u00e9e du casse-t\u00eate de la prise des heures!) . Et dans les vignes, elle vous assure l&rsquo;ambiance ! Petites et grandes histoires en continu, humour&#8230;. mais attention aux oreilles chastes !<\/p>\n\n\n\n<p><strong>Coco, bon anni<\/strong> et merci \u00e0 toi de venir poser ton  sac de temps en temps au Domaine !<\/p>\n","protected":false},"excerpt":{"rendered":"<p>Woofeuse l&rsquo;ann\u00e9e derni\u00e8re au Domaine, Coco s&rsquo;est attach\u00e9e \u00e0 Chignin ! Ex-salari\u00e9e dans une grand entreprise, elle est devenue nomade et sillonne le monde et la France en mettant sa bonne humeur et son \u00e9nergie au service des uns et des autres. Pourvu que cela ait du sens pour elle. Polyvalente, elle peut travailler la &hellip; <\/p>\n<p class=\"link-more\"><a href=\"https:\/\/domainepartagegillesberlioz.fr\/index.php\/2020\/10\/25\/bon-anni-coco\/\" class=\"more-link\">Lire la suite de<span class=\"screen-reader-text\">\u00ab\u00a0Bon anni Coco\u00a0\u00bb<\/span><\/a><\/p>\n","protected":false},"author":1,"featured_media":0,"comment_status":"closed","ping_status":"open","sticky":true,"template":"","format":"standard","meta":[],"categories":[2],"tags":[],"featured_media_urls":[],"_links":{"self":[{"href":"https:\/\/domainepartagegillesberlioz.fr\/index.php\/wp-json\/wp\/v2\/posts\/1718"}],"collection":[{"href":"https:\/\/domainepartagegillesberlioz.fr\/index.php\/wp-json\/wp\/v2\/posts"}],"about":[{"href":"https:\/\/domainepartagegillesberlioz.fr\/index.php\/wp-json\/wp\/v2\/types\/post"}],"author":[{"embeddable":true,"href":"https:\/\/domainepartagegillesberlioz.fr\/index.php\/wp-json\/wp\/v2\/users\/1"}],"replies":[{"embeddable":true,"href":"https:\/\/domainepartagegillesberlioz.fr\/index.php\/wp-json\/wp\/v2\/comments?post=1718"}],"version-history":[{"count":1,"href":"https:\/\/domainepartagegillesberlioz.fr\/index.php\/wp-json\/wp\/v2\/posts\/1718\/revisions"}],"predecessor-version":[{"id":1721,"href":"https:\/\/domainepartagegillesberlioz.fr\/index.php\/wp-json\/wp\/v2\/posts\/1718\/revisions\/1721"}],"wp:attachment":[{"href":"https:\/\/domainepartagegillesberlioz.fr\/index.php\/wp-json\/wp\/v2\/media?parent=1718"}],"wp:term":[{"taxonomy":"category","embeddable":true,"href":"https:\/\/domainepartagegillesberlioz.fr\/index.php\/wp-json\/wp\/v2\/categories?post=1718"},{"taxonomy":"post_tag","embeddable":true,"href":"https:\/\/domainepartagegillesberlioz.fr\/index.php\/wp-json\/wp\/v2\/tags?post=1718"}],"curies":[{"name":"wp","href":"https:\/\/api.w.org\/{rel}","templated":true}]}}