{"id":1239,"date":"2020-06-25T05:11:42","date_gmt":"2020-06-25T04:11:42","guid":{"rendered":"http:\/\/domainepartagegillesberlioz.fr\/?p=1239"},"modified":"2020-06-24T09:33:21","modified_gmt":"2020-06-24T08:33:21","slug":"cest-le-pied","status":"publish","type":"post","link":"https:\/\/domainepartagegillesberlioz.fr\/index.php\/2020\/06\/25\/cest-le-pied\/","title":{"rendered":"C&rsquo;est le pied !"},"content":{"rendered":"\n<p>Les pieds dans la terre, la t\u00eate dans le ciel et le coeur heureux.<\/p>\n\n\n\n<p>Mais qu&rsquo;on se le dise, les plantes, c&rsquo;est tout l&rsquo;inverse. La \u00ab\u00a0t\u00eate\u00a0\u00bb est au niveau des racines, et si elle n&rsquo;ont ni coeur ni cerveau \u00e0 proprement dit, elles font tout de m\u00eame preuve de sensibilit\u00e9 et d&rsquo;intelligence.<\/p>\n\n\n\n<p>Voir le tr\u00e8s bon livre de St\u00e9phane Mancuso, \u00ab\u00a0L&rsquo;intelligence des plantes\u00a0\u00bb.<\/p>\n\n\n\n<figure class=\"wp-block-image is-resized\"><img decoding=\"async\" loading=\"lazy\" src=\"https:\/\/domainepartagegillesberlioz.fr\/wp-content\/uploads\/2020\/05\/DP-GBerlioz-pieds-bd.jpg\" alt=\"\" class=\"wp-image-1240\" width=\"582\" height=\"283\" srcset=\"https:\/\/domainepartagegillesberlioz.fr\/wp-content\/uploads\/2020\/05\/DP-GBerlioz-pieds-bd.jpg 425w, https:\/\/domainepartagegillesberlioz.fr\/wp-content\/uploads\/2020\/05\/DP-GBerlioz-pieds-bd-300x146.jpg 300w\" sizes=\"(max-width: 582px) 100vw, 582px\" \/><\/figure>\n","protected":false},"excerpt":{"rendered":"<p>Les pieds dans la terre, la t\u00eate dans le ciel et le coeur heureux. Mais qu&rsquo;on se le dise, les plantes, c&rsquo;est tout l&rsquo;inverse. La \u00ab\u00a0t\u00eate\u00a0\u00bb est au niveau des racines, et si elle n&rsquo;ont ni coeur ni cerveau \u00e0 proprement dit, elles font tout de m\u00eame preuve de sensibilit\u00e9 et d&rsquo;intelligence. Voir le tr\u00e8s &hellip; <\/p>\n<p class=\"link-more\"><a href=\"https:\/\/domainepartagegillesberlioz.fr\/index.php\/2020\/06\/25\/cest-le-pied\/\" class=\"more-link\">Lire la suite de<span class=\"screen-reader-text\">\u00ab\u00a0C&rsquo;est le pied !\u00a0\u00bb<\/span><\/a><\/p>\n","protected":false},"author":1,"featured_media":0,"comment_status":"closed","ping_status":"open","sticky":true,"template":"","format":"standard","meta":[],"categories":[2],"tags":[167],"featured_media_urls":[],"_links":{"self":[{"href":"https:\/\/domainepartagegillesberlioz.fr\/index.php\/wp-json\/wp\/v2\/posts\/1239"}],"collection":[{"href":"https:\/\/domainepartagegillesberlioz.fr\/index.php\/wp-json\/wp\/v2\/posts"}],"about":[{"href":"https:\/\/domainepartagegillesberlioz.fr\/index.php\/wp-json\/wp\/v2\/types\/post"}],"author":[{"embeddable":true,"href":"https:\/\/domainepartagegillesberlioz.fr\/index.php\/wp-json\/wp\/v2\/users\/1"}],"replies":[{"embeddable":true,"href":"https:\/\/domainepartagegillesberlioz.fr\/index.php\/wp-json\/wp\/v2\/comments?post=1239"}],"version-history":[{"count":2,"href":"https:\/\/domainepartagegillesberlioz.fr\/index.php\/wp-json\/wp\/v2\/posts\/1239\/revisions"}],"predecessor-version":[{"id":1246,"href":"https:\/\/domainepartagegillesberlioz.fr\/index.php\/wp-json\/wp\/v2\/posts\/1239\/revisions\/1246"}],"wp:attachment":[{"href":"https:\/\/domainepartagegillesberlioz.fr\/index.php\/wp-json\/wp\/v2\/media?parent=1239"}],"wp:term":[{"taxonomy":"category","embeddable":true,"href":"https:\/\/domainepartagegillesberlioz.fr\/index.php\/wp-json\/wp\/v2\/categories?post=1239"},{"taxonomy":"post_tag","embeddable":true,"href":"https:\/\/domainepartagegillesberlioz.fr\/index.php\/wp-json\/wp\/v2\/tags?post=1239"}],"curies":[{"name":"wp","href":"https:\/\/api.w.org\/{rel}","templated":true}]}}