{"id":1147,"date":"2019-05-03T07:56:20","date_gmt":"2019-05-03T06:56:20","guid":{"rendered":"http:\/\/domainepartagegillesberlioz.fr\/?p=1147"},"modified":"2019-04-24T10:58:33","modified_gmt":"2019-04-24T09:58:33","slug":"2018-allez-hop-en-bouteilles","status":"publish","type":"post","link":"https:\/\/domainepartagegillesberlioz.fr\/index.php\/2019\/05\/03\/2018-allez-hop-en-bouteilles\/","title":{"rendered":"2018 !                                      Allez Hop en bouteilles !"},"content":{"rendered":"\n<p>Le 19 Mars 2019,                                                                                                                                                                                                                   <\/p>\n\n\n\n<p>Le Domaine Partag\u00e9 a fait son premier embouteillage avec la Deuse, El Hem, les Christine et Les Filles (Christine et Aur\u00e9lie \u00e0 la r\u00e9ception).       <\/p>\n\n\n\n<p>Tout ca men\u00e9 par une \u00e9quipe d&rsquo;OenoServices, Ga\u00e9tan et Benji avec la banane et la p\u00eache \ud83d\ude42 sous le regard bienveillant de Gilles..<\/p>\n\n\n\n<figure class=\"wp-block-image\"><img decoding=\"async\" loading=\"lazy\" width=\"724\" height=\"1024\" src=\"https:\/\/domainepartagegillesberlioz.fr\/wp-content\/uploads\/2019\/04\/Compositionfinale-embouteillage-724x1024.jpg\" alt=\"\" class=\"wp-image-1155\" srcset=\"https:\/\/domainepartagegillesberlioz.fr\/wp-content\/uploads\/2019\/04\/Compositionfinale-embouteillage-724x1024.jpg 724w, https:\/\/domainepartagegillesberlioz.fr\/wp-content\/uploads\/2019\/04\/Compositionfinale-embouteillage-212x300.jpg 212w, https:\/\/domainepartagegillesberlioz.fr\/wp-content\/uploads\/2019\/04\/Compositionfinale-embouteillage-768x1086.jpg 768w, https:\/\/domainepartagegillesberlioz.fr\/wp-content\/uploads\/2019\/04\/Compositionfinale-embouteillage-676x956.jpg 676w, https:\/\/domainepartagegillesberlioz.fr\/wp-content\/uploads\/2019\/04\/Compositionfinale-embouteillage.jpg 1240w\" sizes=\"(max-width: 724px) 100vw, 724px\" \/><\/figure>\n","protected":false},"excerpt":{"rendered":"<p>Le 19 Mars 2019, Le Domaine Partag\u00e9 a fait son premier embouteillage avec la Deuse, El Hem, les Christine et Les Filles (Christine et Aur\u00e9lie \u00e0 la r\u00e9ception). Tout ca men\u00e9 par une \u00e9quipe d&rsquo;OenoServices, Ga\u00e9tan et Benji avec la banane et la p\u00eache \ud83d\ude42 sous le regard bienveillant de Gilles..<\/p>\n","protected":false},"author":1,"featured_media":0,"comment_status":"closed","ping_status":"open","sticky":false,"template":"","format":"standard","meta":[],"categories":[2],"tags":[134,135,39,136,137],"featured_media_urls":[],"_links":{"self":[{"href":"https:\/\/domainepartagegillesberlioz.fr\/index.php\/wp-json\/wp\/v2\/posts\/1147"}],"collection":[{"href":"https:\/\/domainepartagegillesberlioz.fr\/index.php\/wp-json\/wp\/v2\/posts"}],"about":[{"href":"https:\/\/domainepartagegillesberlioz.fr\/index.php\/wp-json\/wp\/v2\/types\/post"}],"author":[{"embeddable":true,"href":"https:\/\/domainepartagegillesberlioz.fr\/index.php\/wp-json\/wp\/v2\/users\/1"}],"replies":[{"embeddable":true,"href":"https:\/\/domainepartagegillesberlioz.fr\/index.php\/wp-json\/wp\/v2\/comments?post=1147"}],"version-history":[{"count":2,"href":"https:\/\/domainepartagegillesberlioz.fr\/index.php\/wp-json\/wp\/v2\/posts\/1147\/revisions"}],"predecessor-version":[{"id":1157,"href":"https:\/\/domainepartagegillesberlioz.fr\/index.php\/wp-json\/wp\/v2\/posts\/1147\/revisions\/1157"}],"wp:attachment":[{"href":"https:\/\/domainepartagegillesberlioz.fr\/index.php\/wp-json\/wp\/v2\/media?parent=1147"}],"wp:term":[{"taxonomy":"category","embeddable":true,"href":"https:\/\/domainepartagegillesberlioz.fr\/index.php\/wp-json\/wp\/v2\/categories?post=1147"},{"taxonomy":"post_tag","embeddable":true,"href":"https:\/\/domainepartagegillesberlioz.fr\/index.php\/wp-json\/wp\/v2\/tags?post=1147"}],"curies":[{"name":"wp","href":"https:\/\/api.w.org\/{rel}","templated":true}]}}