{"id":1103,"date":"2019-03-29T12:25:16","date_gmt":"2019-03-29T11:25:16","guid":{"rendered":"http:\/\/domainepartagegillesberlioz.fr\/?p=1103"},"modified":"2019-03-29T12:27:13","modified_gmt":"2019-03-29T11:27:13","slug":"le-domaine-partage-vu-du-ciel","status":"publish","type":"post","link":"https:\/\/domainepartagegillesberlioz.fr\/index.php\/2019\/03\/29\/le-domaine-partage-vu-du-ciel\/","title":{"rendered":"Le Domaine Partag\u00e9 vu du ciel.."},"content":{"rendered":"\n<p>Patrice et son drone nous a fait l&rsquo;honneur de partager un p&rsquo;tit bout de notre quotidien. <\/p>\n\n\n\n<p>Attachez vos ceintures, on va d\u00e9coller !  Avec brio, il a pilot\u00e9 ! <\/p>\n\n\n\n<p>De ces jolis moments de vie au domaine, Patrice a r\u00e9alis\u00e9..    <\/p>\n\n\n\n<p>Ce magnifique court m\u00e9trage !   <\/p>\n\n\n\n<p><a href=\"https:\/\/youtu.be\/kQYfqPz9PuA\">https:\/\/youtu.be\/kQYfqPz9PuA<\/a><br><\/p>\n\n\n\n<div class=\"wp-block-image\"><figure class=\"alignleft is-resized\"><img decoding=\"async\" loading=\"lazy\" src=\"https:\/\/domainepartagegillesberlioz.fr\/wp-content\/uploads\/2019\/03\/AC-DRONE-Chambery-03bd-1024x607.jpg\" alt=\"\" class=\"wp-image-1107\" width=\"285\" height=\"168\" srcset=\"https:\/\/domainepartagegillesberlioz.fr\/wp-content\/uploads\/2019\/03\/AC-DRONE-Chambery-03bd-1024x607.jpg 1024w, https:\/\/domainepartagegillesberlioz.fr\/wp-content\/uploads\/2019\/03\/AC-DRONE-Chambery-03bd-300x178.jpg 300w, https:\/\/domainepartagegillesberlioz.fr\/wp-content\/uploads\/2019\/03\/AC-DRONE-Chambery-03bd-768x455.jpg 768w, https:\/\/domainepartagegillesberlioz.fr\/wp-content\/uploads\/2019\/03\/AC-DRONE-Chambery-03bd-676x400.jpg 676w, https:\/\/domainepartagegillesberlioz.fr\/wp-content\/uploads\/2019\/03\/AC-DRONE-Chambery-03bd.jpg 1435w\" sizes=\"(max-width: 285px) 100vw, 285px\" \/><\/figure><\/div>\n\n\n\n<figure class=\"wp-block-image is-resized\"><img decoding=\"async\" loading=\"lazy\" src=\"https:\/\/domainepartagegillesberlioz.fr\/wp-content\/uploads\/2019\/03\/AC-DRONE-Chambery-01-bd-1024x768.jpg\" alt=\"\" class=\"wp-image-1108\" width=\"230\" height=\"172\" srcset=\"https:\/\/domainepartagegillesberlioz.fr\/wp-content\/uploads\/2019\/03\/AC-DRONE-Chambery-01-bd-1024x768.jpg 1024w, https:\/\/domainepartagegillesberlioz.fr\/wp-content\/uploads\/2019\/03\/AC-DRONE-Chambery-01-bd-300x225.jpg 300w, https:\/\/domainepartagegillesberlioz.fr\/wp-content\/uploads\/2019\/03\/AC-DRONE-Chambery-01-bd-768x576.jpg 768w, https:\/\/domainepartagegillesberlioz.fr\/wp-content\/uploads\/2019\/03\/AC-DRONE-Chambery-01-bd-676x507.jpg 676w, https:\/\/domainepartagegillesberlioz.fr\/wp-content\/uploads\/2019\/03\/AC-DRONE-Chambery-01-bd.jpg 1134w\" sizes=\"(max-width: 230px) 100vw, 230px\" \/><\/figure>\n\n\n\n<div class=\"wp-block-image\"><figure class=\"alignleft is-resized\"><img decoding=\"async\" loading=\"lazy\" src=\"https:\/\/domainepartagegillesberlioz.fr\/wp-content\/uploads\/2019\/03\/AC-DRONE-Chambery-02bd-768x1024.jpg\" alt=\"\" class=\"wp-image-1109\" width=\"195\" height=\"260\" srcset=\"https:\/\/domainepartagegillesberlioz.fr\/wp-content\/uploads\/2019\/03\/AC-DRONE-Chambery-02bd-768x1024.jpg 768w, https:\/\/domainepartagegillesberlioz.fr\/wp-content\/uploads\/2019\/03\/AC-DRONE-Chambery-02bd-225x300.jpg 225w, https:\/\/domainepartagegillesberlioz.fr\/wp-content\/uploads\/2019\/03\/AC-DRONE-Chambery-02bd-676x902.jpg 676w, https:\/\/domainepartagegillesberlioz.fr\/wp-content\/uploads\/2019\/03\/AC-DRONE-Chambery-02bd.jpg 850w\" sizes=\"(max-width: 195px) 100vw, 195px\" \/><\/figure><\/div>\n\n\n\n<div class=\"wp-block-image\"><figure class=\"alignleft is-resized\"><img decoding=\"async\" loading=\"lazy\" src=\"https:\/\/domainepartagegillesberlioz.fr\/wp-content\/uploads\/2019\/03\/mail.jpg\" alt=\"\" class=\"wp-image-1111\" width=\"321\" height=\"179\" srcset=\"https:\/\/domainepartagegillesberlioz.fr\/wp-content\/uploads\/2019\/03\/mail.jpg 304w, https:\/\/domainepartagegillesberlioz.fr\/wp-content\/uploads\/2019\/03\/mail-300x167.jpg 300w\" sizes=\"(max-width: 321px) 100vw, 321px\" \/><\/figure><\/div>\n\n\n\n<p><\/p>\n","protected":false},"excerpt":{"rendered":"<p>Patrice et son drone nous a fait l&rsquo;honneur de partager un p&rsquo;tit bout de notre quotidien. Attachez vos ceintures, on va d\u00e9coller ! Avec brio, il a pilot\u00e9 ! De ces jolis moments de vie au domaine, Patrice a r\u00e9alis\u00e9.. Ce magnifique court m\u00e9trage ! https:\/\/youtu.be\/kQYfqPz9PuA<\/p>\n","protected":false},"author":1,"featured_media":0,"comment_status":"closed","ping_status":"open","sticky":false,"template":"","format":"standard","meta":[],"categories":[2],"tags":[127,128,129,130],"featured_media_urls":[],"_links":{"self":[{"href":"https:\/\/domainepartagegillesberlioz.fr\/index.php\/wp-json\/wp\/v2\/posts\/1103"}],"collection":[{"href":"https:\/\/domainepartagegillesberlioz.fr\/index.php\/wp-json\/wp\/v2\/posts"}],"about":[{"href":"https:\/\/domainepartagegillesberlioz.fr\/index.php\/wp-json\/wp\/v2\/types\/post"}],"author":[{"embeddable":true,"href":"https:\/\/domainepartagegillesberlioz.fr\/index.php\/wp-json\/wp\/v2\/users\/1"}],"replies":[{"embeddable":true,"href":"https:\/\/domainepartagegillesberlioz.fr\/index.php\/wp-json\/wp\/v2\/comments?post=1103"}],"version-history":[{"count":9,"href":"https:\/\/domainepartagegillesberlioz.fr\/index.php\/wp-json\/wp\/v2\/posts\/1103\/revisions"}],"predecessor-version":[{"id":1117,"href":"https:\/\/domainepartagegillesberlioz.fr\/index.php\/wp-json\/wp\/v2\/posts\/1103\/revisions\/1117"}],"wp:attachment":[{"href":"https:\/\/domainepartagegillesberlioz.fr\/index.php\/wp-json\/wp\/v2\/media?parent=1103"}],"wp:term":[{"taxonomy":"category","embeddable":true,"href":"https:\/\/domainepartagegillesberlioz.fr\/index.php\/wp-json\/wp\/v2\/categories?post=1103"},{"taxonomy":"post_tag","embeddable":true,"href":"https:\/\/domainepartagegillesberlioz.fr\/index.php\/wp-json\/wp\/v2\/tags?post=1103"}],"curies":[{"name":"wp","href":"https:\/\/api.w.org\/{rel}","templated":true}]}}